{"id":49242,"date":"2023-09-13T21:12:55","date_gmt":"2023-09-13T21:12:55","guid":{"rendered":"https:\/\/mediagroup.mx\/?p=49242"},"modified":"2023-09-13T21:12:55","modified_gmt":"2023-09-13T21:12:55","slug":"diputados-del-pan-tambien-votaran-contra-el-presupuesto-si-se-reduce-recurso-al-iem","status":"publish","type":"post","link":"https:\/\/mediagroup.mx\/index.php\/2023\/09\/13\/diputados-del-pan-tambien-votaran-contra-el-presupuesto-si-se-reduce-recurso-al-iem\/","title":{"rendered":"Diputados del PAN tambi\u00e9n votar\u00e1n contra el presupuesto si se reduce recurso al IEM"},"content":{"rendered":"<p>Los diputados del grupo parlamentario del Partido Acci\u00f3n Nacional (PAN) tambi\u00e9n votar\u00e1n en contra del proyecto del presupuesto 2024 propuesto del gobierno del estado en caso de que en este se busque reducir recursos al Instituto Electoral de Michoac\u00e1n (IEM).<\/p>\n<p>Fue el secretario general del PAN Michoac\u00e1n, Javier Estrada, qui\u00e9n declar\u00f3 que no se acompa\u00f1ar\u00eda este proyecto, pues argument\u00f3 que se debe fortalecer la democracia y m\u00e1s con un proceso electoral en puerta como ser\u00e1n los comicios del pr\u00f3ximo 2024.<\/p>\n<p>Esto, debido a las declaraciones del dirigente del Partido Revolucionario Institucional (PRI) en Michoac\u00e1n Guillermo Valencia, en donde sentenci\u00f3 que de ser este el caso sus diputados votar\u00edan en contra de este presupuesto.<\/p>\n<p>Por: Miguel Santos<\/p>\n","protected":false},"excerpt":{"rendered":"<p>Los diputados del grupo parlamentario del Partido Acci\u00f3n Nacional (PAN) tambi\u00e9n votar\u00e1n en contra del proyecto del presupuesto 2024 propuesto del gobierno del estado en caso de que en este se busque reducir recursos al Instituto Electoral de Michoac\u00e1n (IEM). Fue el secretario general del PAN Michoac\u00e1n, Javier Estrada, qui\u00e9n declar\u00f3 que no se acompa\u00f1ar\u00eda [&hellip;]<\/p>\n","protected":false},"author":2,"featured_media":49243,"comment_status":"open","ping_status":"open","sticky":false,"template":"","format":"standard","meta":{"om_disable_all_campaigns":false,"_monsterinsights_skip_tracking":false,"_monsterinsights_sitenote_active":false,"_monsterinsights_sitenote_note":"","_monsterinsights_sitenote_category":0,"_uf_show_specific_survey":0,"_uf_disable_surveys":false,"_jetpack_memberships_contains_paid_content":false,"footnotes":"","jetpack_publicize_message":"Diputados del PAN tambi\u00e9n votar\u00e1n contra el presupuesto si se reduce recurso al IEM","jetpack_publicize_feature_enabled":true,"jetpack_social_post_already_shared":true,"jetpack_social_options":{"image_generator_settings":{"template":"highway","default_image_id":0,"enabled":false},"version":2}},"categories":[15],"tags":[],"class_list":{"0":"post-49242","1":"post","2":"type-post","3":"status-publish","4":"format-standard","5":"has-post-thumbnail","7":"category-michoacan"},"aioseo_notices":[],"jetpack_publicize_connections":[],"jetpack_featured_media_url":"https:\/\/mediagroup.mx\/wp-content\/uploads\/2023\/09\/2d506e60-05f9-4955-bfb1-b582ac1513d9.jpeg","jetpack_sharing_enabled":true,"_links":{"self":[{"href":"https:\/\/mediagroup.mx\/index.php\/wp-json\/wp\/v2\/posts\/49242","targetHints":{"allow":["GET"]}}],"collection":[{"href":"https:\/\/mediagroup.mx\/index.php\/wp-json\/wp\/v2\/posts"}],"about":[{"href":"https:\/\/mediagroup.mx\/index.php\/wp-json\/wp\/v2\/types\/post"}],"author":[{"embeddable":true,"href":"https:\/\/mediagroup.mx\/index.php\/wp-json\/wp\/v2\/users\/2"}],"replies":[{"embeddable":true,"href":"https:\/\/mediagroup.mx\/index.php\/wp-json\/wp\/v2\/comments?post=49242"}],"version-history":[{"count":1,"href":"https:\/\/mediagroup.mx\/index.php\/wp-json\/wp\/v2\/posts\/49242\/revisions"}],"predecessor-version":[{"id":49244,"href":"https:\/\/mediagroup.mx\/index.php\/wp-json\/wp\/v2\/posts\/49242\/revisions\/49244"}],"wp:featuredmedia":[{"embeddable":true,"href":"https:\/\/mediagroup.mx\/index.php\/wp-json\/wp\/v2\/media\/49243"}],"wp:attachment":[{"href":"https:\/\/mediagroup.mx\/index.php\/wp-json\/wp\/v2\/media?parent=49242"}],"wp:term":[{"taxonomy":"category","embeddable":true,"href":"https:\/\/mediagroup.mx\/index.php\/wp-json\/wp\/v2\/categories?post=49242"},{"taxonomy":"post_tag","embeddable":true,"href":"https:\/\/mediagroup.mx\/index.php\/wp-json\/wp\/v2\/tags?post=49242"}],"curies":[{"name":"wp","href":"https:\/\/api.w.org\/{rel}","templated":true}]}}