{"id":49248,"date":"2023-09-13T22:06:04","date_gmt":"2023-09-13T22:06:04","guid":{"rendered":"https:\/\/mediagroup.mx\/?p=49248"},"modified":"2023-09-13T22:06:04","modified_gmt":"2023-09-13T22:06:04","slug":"pes-abrira-escuela-de-formacion-politica-en-la-region-patzcuaro","status":"publish","type":"post","link":"https:\/\/mediagroup.mx\/index.php\/2023\/09\/13\/pes-abrira-escuela-de-formacion-politica-en-la-region-patzcuaro\/","title":{"rendered":"PES abrir\u00e1 Escuela de Formaci\u00f3n Pol\u00edtica en la regi\u00f3n P\u00e1tzcuaro"},"content":{"rendered":"<p>La Diputada Luz Mar\u00eda Garc\u00eda, del Partido Encuentro Solidario Michoac\u00e1n (PES) inform\u00f3 la apertura de la 2da Generaci\u00f3n de la Escuela de Formaci\u00f3n Pol\u00edtica, en la regi\u00f3n P\u00e1tzcuaro, con la que buscan formar nuevos perfiles pol\u00edticos y desarrollar el liderazgo de los ciudadanos interesados en participar en pol\u00edtica.<\/p>\n<p>La Escuela del PES, est\u00e1 dirigida a personas mayores de 18 a\u00f1os que busquen instruirse en materia pol\u00edtica, bajo una formaci\u00f3n apegada a valores e ideales que promueve el PES: vida y familia. As\u00ed como generar conciencia y una postura cr\u00edtica ante la realidad pol\u00edtico- social de M\u00e9xico y sus necesidades.<\/p>\n<p>En rueda de prensa, la legisladora invit\u00f3 a los habitantes de la regi\u00f3n lacustre y comunidades cercanas, para que se capaciten con maestros calificados y un plan de estudios completo, como el que ofrece el PES Michoac\u00e1n.<\/p>\n<p>_\u201dLos mismos habitantes nos pidieron que aperturamos una nueva edici\u00f3n de la Escuela de Formaci\u00f3n, ya que hay mucho inter\u00e9s de participar en pol\u00edtica y prepararse en este sentido. Tenemos docentes con experiencia nacional e internacional que van a dejar muchas ense\u00f1anzas.\u201d_<\/p>\n<p>Los cursos iniciar\u00e1n el 14 de octubre en las instalaciones del Plantel ICATUR en la localidad de Tzurum\u00fataro, Michoac\u00e1n, con una duraci\u00f3n de ocho semanas. Los alumnos profundizar\u00e1n en materias como: procesos electorales, ideolog\u00eda pol\u00edtica, transici\u00f3n pol\u00edtico-social en M\u00e9xico y Michoac\u00e1n, taller de oratoria y debate, entre otras.<\/p>\n<p>Las inscripciones est\u00e1n abiertas en el n\u00famero telef\u00f3nico: 4439356039 o a trav\u00e9s del correo electr\u00f3nico: escueladecuadros.pes@gmail.com<\/p>\n","protected":false},"excerpt":{"rendered":"<p>La Diputada Luz Mar\u00eda Garc\u00eda, del Partido Encuentro Solidario Michoac\u00e1n (PES) inform\u00f3 la apertura de la 2da Generaci\u00f3n de la Escuela de Formaci\u00f3n Pol\u00edtica, en la regi\u00f3n P\u00e1tzcuaro, con la que buscan formar nuevos perfiles pol\u00edticos y desarrollar el liderazgo de los ciudadanos interesados en participar en pol\u00edtica. La Escuela del PES, est\u00e1 dirigida a [&hellip;]<\/p>\n","protected":false},"author":2,"featured_media":49249,"comment_status":"open","ping_status":"open","sticky":false,"template":"","format":"standard","meta":{"om_disable_all_campaigns":false,"_monsterinsights_skip_tracking":false,"_monsterinsights_sitenote_active":false,"_monsterinsights_sitenote_note":"","_monsterinsights_sitenote_category":0,"_uf_show_specific_survey":0,"_uf_disable_surveys":false,"_jetpack_memberships_contains_paid_content":false,"footnotes":"","jetpack_publicize_message":"PES abrir\u00e1 Escuela de Formaci\u00f3n Pol\u00edtica en la regi\u00f3n P\u00e1tzcuaro","jetpack_publicize_feature_enabled":true,"jetpack_social_post_already_shared":true,"jetpack_social_options":{"image_generator_settings":{"template":"highway","default_image_id":0,"enabled":false},"version":2}},"categories":[15],"tags":[],"class_list":{"0":"post-49248","1":"post","2":"type-post","3":"status-publish","4":"format-standard","5":"has-post-thumbnail","7":"category-michoacan"},"aioseo_notices":[],"jetpack_publicize_connections":[],"jetpack_featured_media_url":"https:\/\/mediagroup.mx\/wp-content\/uploads\/2023\/09\/9f76e3b9-994c-4b9a-8df7-4b160c3fb382.jpeg","jetpack_sharing_enabled":true,"_links":{"self":[{"href":"https:\/\/mediagroup.mx\/index.php\/wp-json\/wp\/v2\/posts\/49248","targetHints":{"allow":["GET"]}}],"collection":[{"href":"https:\/\/mediagroup.mx\/index.php\/wp-json\/wp\/v2\/posts"}],"about":[{"href":"https:\/\/mediagroup.mx\/index.php\/wp-json\/wp\/v2\/types\/post"}],"author":[{"embeddable":true,"href":"https:\/\/mediagroup.mx\/index.php\/wp-json\/wp\/v2\/users\/2"}],"replies":[{"embeddable":true,"href":"https:\/\/mediagroup.mx\/index.php\/wp-json\/wp\/v2\/comments?post=49248"}],"version-history":[{"count":1,"href":"https:\/\/mediagroup.mx\/index.php\/wp-json\/wp\/v2\/posts\/49248\/revisions"}],"predecessor-version":[{"id":49250,"href":"https:\/\/mediagroup.mx\/index.php\/wp-json\/wp\/v2\/posts\/49248\/revisions\/49250"}],"wp:featuredmedia":[{"embeddable":true,"href":"https:\/\/mediagroup.mx\/index.php\/wp-json\/wp\/v2\/media\/49249"}],"wp:attachment":[{"href":"https:\/\/mediagroup.mx\/index.php\/wp-json\/wp\/v2\/media?parent=49248"}],"wp:term":[{"taxonomy":"category","embeddable":true,"href":"https:\/\/mediagroup.mx\/index.php\/wp-json\/wp\/v2\/categories?post=49248"},{"taxonomy":"post_tag","embeddable":true,"href":"https:\/\/mediagroup.mx\/index.php\/wp-json\/wp\/v2\/tags?post=49248"}],"curies":[{"name":"wp","href":"https:\/\/api.w.org\/{rel}","templated":true}]}}