{"id":49258,"date":"2023-09-15T17:56:16","date_gmt":"2023-09-15T17:56:16","guid":{"rendered":"https:\/\/mediagroup.mx\/?p=49258"},"modified":"2023-09-15T17:56:16","modified_gmt":"2023-09-15T17:56:16","slug":"autoridades-rinden-homenaje-a-victimas-del-15-de-septiembre","status":"publish","type":"post","link":"https:\/\/mediagroup.mx\/index.php\/2023\/09\/15\/autoridades-rinden-homenaje-a-victimas-del-15-de-septiembre\/","title":{"rendered":"Autoridades rinden homenaje a v\u00edctimas del 15 de septiembre"},"content":{"rendered":"<p>A 15 a\u00f1os de lo que es considerado el primer ataque terrorista de M\u00e9xico, autoridades estatales, federales y municipales, encabezadas por los secretarios de Gobierno de Michoac\u00e1n, Carlos Torres Pi\u00f1a, y del Ayuntamiento de Morelia, Yankel Ben\u00edtez Silva, rindieron homenaje a las v\u00edctimas del atentado contra la poblaci\u00f3n civil ocurrido el 15 de septiembre de 2008.<\/p>\n<p>Desde temprana hora, las y los funcionarios montaron guardia de honor y depositaron ofrenda floral en la esquina de la avenida Madero Poniente y la calle Andr\u00e9s Quintana Roo, donde estall\u00f3 aquella noche uno de los artefactos explosivos.<\/p>\n<p>Posteriormente, en la plaza Melchor Ocampo y tras el izamiento de la Bandera a media asta, esto en se\u00f1al de luto, se deposit\u00f3 una ofrenda floral y se mont\u00f3 guardia de honor a las v\u00edctimas en compa\u00f1\u00eda de familiares y amigos.<\/p>\n<p>Al respecto, el titular de la Secretar\u00eda de Gobierno, destac\u00f3 el apoyo que se ha brindado a las v\u00edctimas de los llamados granadazos, y quienes reciben pensiones vitalicias por el decreto estatal que sigue vigente.<\/p>\n<p>Asimismo, Torres Pi\u00f1a reiter\u00f3 que esta administraci\u00f3n, busca que la Fiscal\u00eda General de la Rep\u00fablica retome la investigaci\u00f3n, pues a quince a\u00f1os de distancia, no hay culpables ni se conocen los motivos por los cuales se atac\u00f3 a la poblaci\u00f3n civil en plena ceremonia del grito de Independencia.<\/p>\n<p>Por: Oscar Mendoza<\/p>\n","protected":false},"excerpt":{"rendered":"<p>A 15 a\u00f1os de lo que es considerado el primer ataque terrorista de M\u00e9xico, autoridades estatales, federales y municipales, encabezadas por los secretarios de Gobierno de Michoac\u00e1n, Carlos Torres Pi\u00f1a, y del Ayuntamiento de Morelia, Yankel Ben\u00edtez Silva, rindieron homenaje a las v\u00edctimas del atentado contra la poblaci\u00f3n civil ocurrido el 15 de septiembre de [&hellip;]<\/p>\n","protected":false},"author":2,"featured_media":49259,"comment_status":"open","ping_status":"open","sticky":false,"template":"","format":"standard","meta":{"om_disable_all_campaigns":false,"_monsterinsights_skip_tracking":false,"_monsterinsights_sitenote_active":false,"_monsterinsights_sitenote_note":"","_monsterinsights_sitenote_category":0,"_uf_show_specific_survey":0,"_uf_disable_surveys":false,"_jetpack_memberships_contains_paid_content":false,"footnotes":"","jetpack_publicize_message":"#Morelia Autoridades rinden homenaje a v\u00edctimas del 15 de septiembre","jetpack_publicize_feature_enabled":true,"jetpack_social_post_already_shared":true,"jetpack_social_options":{"image_generator_settings":{"template":"highway","default_image_id":0,"enabled":false},"version":2}},"categories":[17],"tags":[],"class_list":{"0":"post-49258","1":"post","2":"type-post","3":"status-publish","4":"format-standard","5":"has-post-thumbnail","7":"category-morelia"},"aioseo_notices":[],"jetpack_publicize_connections":[],"jetpack_featured_media_url":"https:\/\/mediagroup.mx\/wp-content\/uploads\/2023\/09\/92bd8bc0-a8c6-4290-ac00-8c1a6e50e4de.jpeg","jetpack_sharing_enabled":true,"_links":{"self":[{"href":"https:\/\/mediagroup.mx\/index.php\/wp-json\/wp\/v2\/posts\/49258","targetHints":{"allow":["GET"]}}],"collection":[{"href":"https:\/\/mediagroup.mx\/index.php\/wp-json\/wp\/v2\/posts"}],"about":[{"href":"https:\/\/mediagroup.mx\/index.php\/wp-json\/wp\/v2\/types\/post"}],"author":[{"embeddable":true,"href":"https:\/\/mediagroup.mx\/index.php\/wp-json\/wp\/v2\/users\/2"}],"replies":[{"embeddable":true,"href":"https:\/\/mediagroup.mx\/index.php\/wp-json\/wp\/v2\/comments?post=49258"}],"version-history":[{"count":1,"href":"https:\/\/mediagroup.mx\/index.php\/wp-json\/wp\/v2\/posts\/49258\/revisions"}],"predecessor-version":[{"id":49260,"href":"https:\/\/mediagroup.mx\/index.php\/wp-json\/wp\/v2\/posts\/49258\/revisions\/49260"}],"wp:featuredmedia":[{"embeddable":true,"href":"https:\/\/mediagroup.mx\/index.php\/wp-json\/wp\/v2\/media\/49259"}],"wp:attachment":[{"href":"https:\/\/mediagroup.mx\/index.php\/wp-json\/wp\/v2\/media?parent=49258"}],"wp:term":[{"taxonomy":"category","embeddable":true,"href":"https:\/\/mediagroup.mx\/index.php\/wp-json\/wp\/v2\/categories?post=49258"},{"taxonomy":"post_tag","embeddable":true,"href":"https:\/\/mediagroup.mx\/index.php\/wp-json\/wp\/v2\/tags?post=49258"}],"curies":[{"name":"wp","href":"https:\/\/api.w.org\/{rel}","templated":true}]}}