{"id":49261,"date":"2023-09-15T17:58:58","date_gmt":"2023-09-15T17:58:58","guid":{"rendered":"https:\/\/mediagroup.mx\/?p=49261"},"modified":"2023-09-15T17:58:58","modified_gmt":"2023-09-15T17:58:58","slug":"mas-de-3-mil-estudiantes-participaran-en-desfile-del-16-de-septiembre-en-morelia","status":"publish","type":"post","link":"https:\/\/mediagroup.mx\/index.php\/2023\/09\/15\/mas-de-3-mil-estudiantes-participaran-en-desfile-del-16-de-septiembre-en-morelia\/","title":{"rendered":"M\u00e1s de 3 mil estudiantes participar\u00e1n en desfile del 16 de septiembre en Morelia"},"content":{"rendered":"<p>La Secretar\u00eda de Educaci\u00f3n del Estado (SEE), inform\u00f3 que \u201ccon gran entusiasmo y responsabilidad\u201d, alrededor de 3 mil 500 alumnos de secundaria, preparatoria y universidad, participar\u00e1n en el desfile c\u00edvico-militar conmemorativo por el 213 aniversario del inicio de la lucha por la Independencia de M\u00e9xico que se realizar\u00e1 este s\u00e1bado 16 de septiembre en la capital michoacana.<\/p>\n<p>De acuerdo a la dependencia, como cada a\u00f1o en esta celebraci\u00f3n, participar\u00e1n contingentes de estudiantes para reconocer la labor y compromiso de docentes, trabajadores administrativos y alumnado que fomentan la cultura c\u00edvica y los valores patrios.<\/p>\n<p>Asimismo se prev\u00e9 que sean 10 contingentes de secundaria, entre las que participan la Escuela Secundaria Federal #11 \u201cSim\u00f3n Bol\u00edvar\u201d, la Federal #6 \u201cAlfonso Garc\u00eda Robles\u201d, la T\u00e9cnica #12 Internado Femenil \u201cLa Huerta\u201d, la T\u00e9cnica #82 \u201cProf. Lucas Ortiz Ben\u00edtez\u201d y la Secundaria T\u00e9cnica #100 \u201cGuillermo Massieu\u201d.<\/p>\n<p>En tanto del nivel medio superior, participar\u00e1 la Preparatoria Federal por Cooperaci\u00f3n (Prefeco), el Colegio de Bachilleres (Cobaem), el Colegio de Estudios Cient\u00edficos y Tecnol\u00f3gicos del Estado de M\u00e9xico (Cecytem); y el Colegio de Educaci\u00f3n Profesional T\u00e9cnica del Estado de Michoac\u00e1n (Conalep) #1 Morelia entre otros institutos de dicho nivel.<\/p>\n<p>Finalmente, de nivel superior, se tendr\u00e1 la asistencia de la Universidad Michoacana de San Nicol\u00e1s de Hidalgo (UMSNH), la Universidad Montrer; la Universidad Vasco de Quiroga (Uvaq) y el Instituto Tecnol\u00f3gico de Morelia (ITM), por mencionar algunos.<\/p>\n<p>Por: Oscar Mendoza<\/p>\n","protected":false},"excerpt":{"rendered":"<p>La Secretar\u00eda de Educaci\u00f3n del Estado (SEE), inform\u00f3 que \u201ccon gran entusiasmo y responsabilidad\u201d, alrededor de 3 mil 500 alumnos de secundaria, preparatoria y universidad, participar\u00e1n en el desfile c\u00edvico-militar conmemorativo por el 213 aniversario del inicio de la lucha por la Independencia de M\u00e9xico que se realizar\u00e1 este s\u00e1bado 16 de septiembre en la [&hellip;]<\/p>\n","protected":false},"author":2,"featured_media":49262,"comment_status":"open","ping_status":"open","sticky":false,"template":"","format":"standard","meta":{"om_disable_all_campaigns":false,"_monsterinsights_skip_tracking":false,"_monsterinsights_sitenote_active":false,"_monsterinsights_sitenote_note":"","_monsterinsights_sitenote_category":0,"_uf_show_specific_survey":0,"_uf_disable_surveys":false,"_jetpack_memberships_contains_paid_content":false,"footnotes":"","jetpack_publicize_message":"M\u00e1s de 3 mil estudiantes participar\u00e1n en desfile del 16 de septiembre en Morelia","jetpack_publicize_feature_enabled":true,"jetpack_social_post_already_shared":true,"jetpack_social_options":{"image_generator_settings":{"template":"highway","default_image_id":0,"enabled":false},"version":2}},"categories":[17],"tags":[],"class_list":{"0":"post-49261","1":"post","2":"type-post","3":"status-publish","4":"format-standard","5":"has-post-thumbnail","7":"category-morelia"},"aioseo_notices":[],"jetpack_publicize_connections":[],"jetpack_featured_media_url":"https:\/\/mediagroup.mx\/wp-content\/uploads\/2023\/09\/0a3b1dec-a76b-4acb-9c1d-cc9f6c7cda9e.jpeg","jetpack_sharing_enabled":true,"_links":{"self":[{"href":"https:\/\/mediagroup.mx\/index.php\/wp-json\/wp\/v2\/posts\/49261","targetHints":{"allow":["GET"]}}],"collection":[{"href":"https:\/\/mediagroup.mx\/index.php\/wp-json\/wp\/v2\/posts"}],"about":[{"href":"https:\/\/mediagroup.mx\/index.php\/wp-json\/wp\/v2\/types\/post"}],"author":[{"embeddable":true,"href":"https:\/\/mediagroup.mx\/index.php\/wp-json\/wp\/v2\/users\/2"}],"replies":[{"embeddable":true,"href":"https:\/\/mediagroup.mx\/index.php\/wp-json\/wp\/v2\/comments?post=49261"}],"version-history":[{"count":1,"href":"https:\/\/mediagroup.mx\/index.php\/wp-json\/wp\/v2\/posts\/49261\/revisions"}],"predecessor-version":[{"id":49263,"href":"https:\/\/mediagroup.mx\/index.php\/wp-json\/wp\/v2\/posts\/49261\/revisions\/49263"}],"wp:featuredmedia":[{"embeddable":true,"href":"https:\/\/mediagroup.mx\/index.php\/wp-json\/wp\/v2\/media\/49262"}],"wp:attachment":[{"href":"https:\/\/mediagroup.mx\/index.php\/wp-json\/wp\/v2\/media?parent=49261"}],"wp:term":[{"taxonomy":"category","embeddable":true,"href":"https:\/\/mediagroup.mx\/index.php\/wp-json\/wp\/v2\/categories?post=49261"},{"taxonomy":"post_tag","embeddable":true,"href":"https:\/\/mediagroup.mx\/index.php\/wp-json\/wp\/v2\/tags?post=49261"}],"curies":[{"name":"wp","href":"https:\/\/api.w.org\/{rel}","templated":true}]}}