{"id":49267,"date":"2023-09-15T18:43:59","date_gmt":"2023-09-15T18:43:59","guid":{"rendered":"https:\/\/mediagroup.mx\/?p=49267"},"modified":"2023-09-15T18:43:59","modified_gmt":"2023-09-15T18:43:59","slug":"descarta-segob-riesgos-para-ceremonia-del-grito-en-morelia-y-el-interior-del-estado","status":"publish","type":"post","link":"https:\/\/mediagroup.mx\/index.php\/2023\/09\/15\/descarta-segob-riesgos-para-ceremonia-del-grito-en-morelia-y-el-interior-del-estado\/","title":{"rendered":"Descarta Segob riesgos para ceremonia del Grito en Morelia y el interior del Estado"},"content":{"rendered":"<p>La Secretar\u00eda de Gobierno de Michoac\u00e1n (Segob), descart\u00f3 que exista un riesgo para la poblaci\u00f3n que acudir\u00e1 a las distintas ceremonias del Grito por el Inicio de la lucha por la Independencia de M\u00e9xico, tanto en la ciudad de Morelia, como en el interior del estado.<\/p>\n<p>Cuestionado sobre las advertencias que se han difundido a trav\u00e9s de aplicaciones de mensajer\u00eda instant\u00e1nea y las redes sociales, el titular de la Segob, Carlos Torres Pi\u00f1a, asegur\u00f3 que existen condiciones de seguridad para que en la capital y el resto de la entidad, se realicen los festejos patrios.<\/p>\n<p>En el caso de los 113 municipios, el funcionario inform\u00f3 que no hay reportes de amenazas que signifiquen la suspensi\u00f3n de la ceremonia del Grito, tanto en las cabeceras municipales como en algunas de sus tenencias.<\/p>\n<p>Por \u00faltimo, Torres Pi\u00f1a agreg\u00f3 que se prev\u00e9n alrededor de 90 a 95 mil personas que acudir\u00e1n al centro hist\u00f3rico de Morelia en el marco de los festejos patrios, mismos que iniciar\u00e1n este viernes alrededor de las 22 horas y concluir\u00e1n el s\u00e1bado 16 de septiembre tras el desfile c\u00edvico-militar.<\/p>\n<p>Por: Oscar Mendoza<\/p>\n","protected":false},"excerpt":{"rendered":"<p>La Secretar\u00eda de Gobierno de Michoac\u00e1n (Segob), descart\u00f3 que exista un riesgo para la poblaci\u00f3n que acudir\u00e1 a las distintas ceremonias del Grito por el Inicio de la lucha por la Independencia de M\u00e9xico, tanto en la ciudad de Morelia, como en el interior del estado. Cuestionado sobre las advertencias que se han difundido a [&hellip;]<\/p>\n","protected":false},"author":2,"featured_media":49268,"comment_status":"open","ping_status":"open","sticky":false,"template":"","format":"standard","meta":{"om_disable_all_campaigns":false,"_monsterinsights_skip_tracking":false,"_monsterinsights_sitenote_active":false,"_monsterinsights_sitenote_note":"","_monsterinsights_sitenote_category":0,"_uf_show_specific_survey":0,"_uf_disable_surveys":false,"_jetpack_memberships_contains_paid_content":false,"footnotes":"","jetpack_publicize_message":"Descarta Segob riesgos para ceremonia del Grito en Morelia y el interior del Estado","jetpack_publicize_feature_enabled":true,"jetpack_social_post_already_shared":true,"jetpack_social_options":{"image_generator_settings":{"template":"highway","default_image_id":0,"enabled":false},"version":2}},"categories":[24],"tags":[],"class_list":{"0":"post-49267","1":"post","2":"type-post","3":"status-publish","4":"format-standard","5":"has-post-thumbnail","7":"category-seguridad"},"aioseo_notices":[],"jetpack_publicize_connections":[],"jetpack_featured_media_url":"https:\/\/mediagroup.mx\/wp-content\/uploads\/2023\/09\/c9ba215a-6aaf-4e5f-ba17-964648f4f3a8.jpeg","jetpack_sharing_enabled":true,"_links":{"self":[{"href":"https:\/\/mediagroup.mx\/index.php\/wp-json\/wp\/v2\/posts\/49267","targetHints":{"allow":["GET"]}}],"collection":[{"href":"https:\/\/mediagroup.mx\/index.php\/wp-json\/wp\/v2\/posts"}],"about":[{"href":"https:\/\/mediagroup.mx\/index.php\/wp-json\/wp\/v2\/types\/post"}],"author":[{"embeddable":true,"href":"https:\/\/mediagroup.mx\/index.php\/wp-json\/wp\/v2\/users\/2"}],"replies":[{"embeddable":true,"href":"https:\/\/mediagroup.mx\/index.php\/wp-json\/wp\/v2\/comments?post=49267"}],"version-history":[{"count":1,"href":"https:\/\/mediagroup.mx\/index.php\/wp-json\/wp\/v2\/posts\/49267\/revisions"}],"predecessor-version":[{"id":49269,"href":"https:\/\/mediagroup.mx\/index.php\/wp-json\/wp\/v2\/posts\/49267\/revisions\/49269"}],"wp:featuredmedia":[{"embeddable":true,"href":"https:\/\/mediagroup.mx\/index.php\/wp-json\/wp\/v2\/media\/49268"}],"wp:attachment":[{"href":"https:\/\/mediagroup.mx\/index.php\/wp-json\/wp\/v2\/media?parent=49267"}],"wp:term":[{"taxonomy":"category","embeddable":true,"href":"https:\/\/mediagroup.mx\/index.php\/wp-json\/wp\/v2\/categories?post=49267"},{"taxonomy":"post_tag","embeddable":true,"href":"https:\/\/mediagroup.mx\/index.php\/wp-json\/wp\/v2\/tags?post=49267"}],"curies":[{"name":"wp","href":"https:\/\/api.w.org\/{rel}","templated":true}]}}