{"id":49270,"date":"2023-09-19T01:35:16","date_gmt":"2023-09-19T01:35:16","guid":{"rendered":"https:\/\/mediagroup.mx\/?p=49270"},"modified":"2023-09-19T01:35:16","modified_gmt":"2023-09-19T01:35:16","slug":"entre-porras-reciben-al-gobernador-para-su-segundo-informe-de-gobierno","status":"publish","type":"post","link":"https:\/\/mediagroup.mx\/index.php\/2023\/09\/19\/entre-porras-reciben-al-gobernador-para-su-segundo-informe-de-gobierno\/","title":{"rendered":"Entre porras reciben al gobernador para su segundo informe de gobierno"},"content":{"rendered":"<p>Para el segundo informe de gobierno del mandatario estatal Alfredo Ram\u00edrez Bedolla se hicieron presentes sus simpatizantes provenientes de distintos municipios del estado a las afueras del Palacio Legislativo.<\/p>\n<p>Con gritos de \u201cEl mejor Gobernador\u201d o coreando el nombre del mandatario, estas porras mostraron su apoyo al titular del ejecutivo quien como cada a\u00f1o bajo mandato constitucional responder\u00eda por su mandato.<\/p>\n<p>En el lugar se dieron cita tambi\u00e9n diversos funcionarios como el secretario de Gobierno, Carlos Torres Pi\u00f1a quien no se detuvo para hablar con la prensa, as\u00ed como el presidente municipal de Morelia, Alfonso Mart\u00ednez Alc\u00e1zar qui\u00e9n prefiri\u00f3 omitir opiniones para el final del informe del mandatario.<\/p>\n<p>Asimismo, el gobernador Alfredo Ram\u00edrez Bedolla lleg\u00f3 al Palacio legislativo en donde se limit\u00f3 a se\u00f1alar que presentar\u00eda su segundo informe de gobierno.<\/p>\n<p>Tambi\u00e9n quien se hizo presente fue el Diputado federal con licencia y vocero de la coordinadora de los comit\u00e9s en defensa de la cuarta transformaci\u00f3n, Gerardo Fern\u00e1ndez Noro\u00f1a, qui\u00e9n al ser cuestionado sobre su valoraci\u00f3n del trabajo del Gobernador, Alfredo Ram\u00edrez Bedolla, se limit\u00f3 a responder con un \u201cah\u00ed va\u201d.<\/p>\n<p>A la presentaci\u00f3n de este informe se hicieron presentes tambi\u00e9n dirigentes estatales como el dirigente del Partido Revolucionario Institucional (PRI), Guillermo Valencia Reyes, y Antonio Carre\u00f1o Sosa, dirigente de Movimiento Ciudadano.<\/p>\n<p>Por: Miguel Santos<\/p>\n","protected":false},"excerpt":{"rendered":"<p>Para el segundo informe de gobierno del mandatario estatal Alfredo Ram\u00edrez Bedolla se hicieron presentes sus simpatizantes provenientes de distintos municipios del estado a las afueras del Palacio Legislativo. Con gritos de \u201cEl mejor Gobernador\u201d o coreando el nombre del mandatario, estas porras mostraron su apoyo al titular del ejecutivo quien como cada a\u00f1o bajo [&hellip;]<\/p>\n","protected":false},"author":2,"featured_media":49271,"comment_status":"open","ping_status":"open","sticky":false,"template":"","format":"standard","meta":{"om_disable_all_campaigns":false,"_monsterinsights_skip_tracking":false,"_monsterinsights_sitenote_active":false,"_monsterinsights_sitenote_note":"","_monsterinsights_sitenote_category":0,"_uf_show_specific_survey":0,"_uf_disable_surveys":false,"_jetpack_memberships_contains_paid_content":false,"footnotes":"","jetpack_publicize_message":"Entre porras reciben al gobernador para su segundo informe de gobierno","jetpack_publicize_feature_enabled":true,"jetpack_social_post_already_shared":true,"jetpack_social_options":{"image_generator_settings":{"template":"highway","default_image_id":0,"enabled":false},"version":2}},"categories":[15],"tags":[],"class_list":{"0":"post-49270","1":"post","2":"type-post","3":"status-publish","4":"format-standard","5":"has-post-thumbnail","7":"category-michoacan"},"aioseo_notices":[],"jetpack_publicize_connections":[],"jetpack_featured_media_url":"https:\/\/mediagroup.mx\/wp-content\/uploads\/2023\/09\/80c5c7d8-d096-47fa-86d4-0ce797cf97f4.jpeg","jetpack_sharing_enabled":true,"_links":{"self":[{"href":"https:\/\/mediagroup.mx\/index.php\/wp-json\/wp\/v2\/posts\/49270","targetHints":{"allow":["GET"]}}],"collection":[{"href":"https:\/\/mediagroup.mx\/index.php\/wp-json\/wp\/v2\/posts"}],"about":[{"href":"https:\/\/mediagroup.mx\/index.php\/wp-json\/wp\/v2\/types\/post"}],"author":[{"embeddable":true,"href":"https:\/\/mediagroup.mx\/index.php\/wp-json\/wp\/v2\/users\/2"}],"replies":[{"embeddable":true,"href":"https:\/\/mediagroup.mx\/index.php\/wp-json\/wp\/v2\/comments?post=49270"}],"version-history":[{"count":1,"href":"https:\/\/mediagroup.mx\/index.php\/wp-json\/wp\/v2\/posts\/49270\/revisions"}],"predecessor-version":[{"id":49272,"href":"https:\/\/mediagroup.mx\/index.php\/wp-json\/wp\/v2\/posts\/49270\/revisions\/49272"}],"wp:featuredmedia":[{"embeddable":true,"href":"https:\/\/mediagroup.mx\/index.php\/wp-json\/wp\/v2\/media\/49271"}],"wp:attachment":[{"href":"https:\/\/mediagroup.mx\/index.php\/wp-json\/wp\/v2\/media?parent=49270"}],"wp:term":[{"taxonomy":"category","embeddable":true,"href":"https:\/\/mediagroup.mx\/index.php\/wp-json\/wp\/v2\/categories?post=49270"},{"taxonomy":"post_tag","embeddable":true,"href":"https:\/\/mediagroup.mx\/index.php\/wp-json\/wp\/v2\/tags?post=49270"}],"curies":[{"name":"wp","href":"https:\/\/api.w.org\/{rel}","templated":true}]}}