{"id":49276,"date":"2023-09-19T01:39:18","date_gmt":"2023-09-19T01:39:18","guid":{"rendered":"https:\/\/mediagroup.mx\/?p=49276"},"modified":"2023-09-19T01:39:18","modified_gmt":"2023-09-19T01:39:18","slug":"cedh-abrio-queja-de-oficio-en-contra-de-ignacio-mendoza-por-zafarrancho-en-cjim","status":"publish","type":"post","link":"https:\/\/mediagroup.mx\/index.php\/2023\/09\/19\/cedh-abrio-queja-de-oficio-en-contra-de-ignacio-mendoza-por-zafarrancho-en-cjim\/","title":{"rendered":"CEDH abri\u00f3 queja de oficio en contra de Ignacio Mendoza por zafarrancho en CJIM"},"content":{"rendered":"<p>El titular de la Comisi\u00f3n Estatal de los Derechos Humanos, Marco Antonio Tinoco \u00c1lvarez, declar\u00f3 que se abri\u00f3 una queja de oficio en contra de Ignacio Mendoza, coordinador del Sistema Penitenciario de Michoac\u00e1n por su participaci\u00f3n en un zafarrancho en el Centro Integral de Justicia para la Mujer.<\/p>\n<p>Antonio Tinoco indic\u00f3 que a\u00fan no se ha determinado cu\u00e1l ser\u00eda el motivo de la queja en contra del funcionario debido a que a\u00fan se encuentran en la tarea de investigaci\u00f3n con el objetivo de saber qu\u00e9 derechos se violaron en esta ocasi\u00f3n.<\/p>\n<p>Esto, debido a que en redes sociales surgieron videos en los que se observa al coordinador del Sistema Penitenciario participando en un zafarrancho con personal del Centro Integral de Justicia para la Mujer por presuntamente no atender de forma r\u00e1pida una denuncia de una mujer acompa\u00f1ada por el hijo del funcionario.<\/p>\n<p>&nbsp;<\/p>\n<p>Por: Miguel Santos<\/p>\n","protected":false},"excerpt":{"rendered":"<p>El titular de la Comisi\u00f3n Estatal de los Derechos Humanos, Marco Antonio Tinoco \u00c1lvarez, declar\u00f3 que se abri\u00f3 una queja de oficio en contra de Ignacio Mendoza, coordinador del Sistema Penitenciario de Michoac\u00e1n por su participaci\u00f3n en un zafarrancho en el Centro Integral de Justicia para la Mujer. Antonio Tinoco indic\u00f3 que a\u00fan no se [&hellip;]<\/p>\n","protected":false},"author":2,"featured_media":49277,"comment_status":"open","ping_status":"open","sticky":false,"template":"","format":"standard","meta":{"om_disable_all_campaigns":false,"_monsterinsights_skip_tracking":false,"_monsterinsights_sitenote_active":false,"_monsterinsights_sitenote_note":"","_monsterinsights_sitenote_category":0,"_uf_show_specific_survey":0,"_uf_disable_surveys":false,"_jetpack_memberships_contains_paid_content":false,"footnotes":"","jetpack_publicize_message":"CEDH abri\u00f3 queja de oficio en contra de Ignacio Mendoza por zafarrancho en CJIM","jetpack_publicize_feature_enabled":true,"jetpack_social_post_already_shared":true,"jetpack_social_options":{"image_generator_settings":{"template":"highway","default_image_id":0,"enabled":false},"version":2}},"categories":[15],"tags":[],"class_list":{"0":"post-49276","1":"post","2":"type-post","3":"status-publish","4":"format-standard","5":"has-post-thumbnail","7":"category-michoacan"},"aioseo_notices":[],"jetpack_publicize_connections":[],"jetpack_featured_media_url":"https:\/\/mediagroup.mx\/wp-content\/uploads\/2023\/09\/e19e45f1-3d40-438f-a4d7-d56f84eeb12b.jpeg","jetpack_sharing_enabled":true,"_links":{"self":[{"href":"https:\/\/mediagroup.mx\/index.php\/wp-json\/wp\/v2\/posts\/49276","targetHints":{"allow":["GET"]}}],"collection":[{"href":"https:\/\/mediagroup.mx\/index.php\/wp-json\/wp\/v2\/posts"}],"about":[{"href":"https:\/\/mediagroup.mx\/index.php\/wp-json\/wp\/v2\/types\/post"}],"author":[{"embeddable":true,"href":"https:\/\/mediagroup.mx\/index.php\/wp-json\/wp\/v2\/users\/2"}],"replies":[{"embeddable":true,"href":"https:\/\/mediagroup.mx\/index.php\/wp-json\/wp\/v2\/comments?post=49276"}],"version-history":[{"count":1,"href":"https:\/\/mediagroup.mx\/index.php\/wp-json\/wp\/v2\/posts\/49276\/revisions"}],"predecessor-version":[{"id":49278,"href":"https:\/\/mediagroup.mx\/index.php\/wp-json\/wp\/v2\/posts\/49276\/revisions\/49278"}],"wp:featuredmedia":[{"embeddable":true,"href":"https:\/\/mediagroup.mx\/index.php\/wp-json\/wp\/v2\/media\/49277"}],"wp:attachment":[{"href":"https:\/\/mediagroup.mx\/index.php\/wp-json\/wp\/v2\/media?parent=49276"}],"wp:term":[{"taxonomy":"category","embeddable":true,"href":"https:\/\/mediagroup.mx\/index.php\/wp-json\/wp\/v2\/categories?post=49276"},{"taxonomy":"post_tag","embeddable":true,"href":"https:\/\/mediagroup.mx\/index.php\/wp-json\/wp\/v2\/tags?post=49276"}],"curies":[{"name":"wp","href":"https:\/\/api.w.org\/{rel}","templated":true}]}}