{"id":49282,"date":"2023-09-19T01:42:13","date_gmt":"2023-09-19T01:42:13","guid":{"rendered":"https:\/\/mediagroup.mx\/?p=49282"},"modified":"2023-09-19T01:42:13","modified_gmt":"2023-09-19T01:42:13","slug":"alfredo-ramirez-rinde-su-segundo-informe-como-gobernador-de-michoacan","status":"publish","type":"post","link":"https:\/\/mediagroup.mx\/index.php\/2023\/09\/19\/alfredo-ramirez-rinde-su-segundo-informe-como-gobernador-de-michoacan\/","title":{"rendered":"Alfredo Ram\u00edrez rinde su segundo informe como gobernador de Michoac\u00e1n"},"content":{"rendered":"<p>Entre gritos de aprobaci\u00f3n y otros de reclamo, el gobernador Alfredo Ram\u00edrez Bedolla, rindi\u00f3 su segundo informe como titular del poder ejecutivo de Michoac\u00e1n ante los distintos grupos parlamentarios que integran al Congreso del Estado.<\/p>\n<p>Acompa\u00f1ado por integrantes de su gabinete legal y ampliado, como como por representantes de partidos pol\u00edticos, \u00f3rganos aut\u00f3nomos y presidentes y presidentas municipales, el mandatario estatal entreg\u00f3 la glosa de su segundo informe de gobierno luego de las intervenciones a cargo de diputados y diputadas de cada fracci\u00f3n parlamentaria.<\/p>\n<p>En ese sentido, al tomar la palabra, Alfredo Ram\u00edrez inici\u00f3 su mensaje destacando la creaci\u00f3n de programas sociales \u00fanicos en el pa\u00eds as\u00ed como la generaci\u00f3n de empleos gracias al restablecimiento del estado de derecho y el ordenamiento financiero de la entidad que se refleja en los sectores educativos y sociales del estado.<\/p>\n<p>Asimismo, tras enlistar acciones administrativas y financieras, el gobernador asegur\u00f3 que a diferencia de sus antecesores, en su administraci\u00f3n los impuestos se utilizan para obras p\u00fablicas y para el pago de la deuda hist\u00f3rica, y lo que ha permitido, mejorar los servicios de salud y seguridad social<\/p>\n<p>En ese sentido, el mandatario indic\u00f3 que tan s\u00f3lo para obras de infraestructura, se cuenta con una bolsa de m\u00e1s de 26 mil 620 millones de pesos que integran fondos para el desarrollo regional, la seguridad y el aumento al producto interno bruto.<\/p>\n<p>Sin embargo y ante los reclamos en materia de seguridad, Ram\u00edrez Bedolla reconoci\u00f3 que dicho tema ha sido el m\u00e1s demandado por la sociedad michoacana y para el cual se implementan programas y acciones como las \u00faltimas reformas para elevar las penas por extorsi\u00f3n y feminicidio, as\u00ed como la legalizaci\u00f3n de las rondas comunitarias y el fortalecimiento de la polic\u00eda auxiliar.<\/p>\n<p>Por \u00faltimo, el gobernador agradeci\u00f3 a su equipo de trabajo y todas y todos los funcionarios que integran al ejecutivo estatal y se pronunci\u00f3 por continuar su proyecto para ampliar los derechos sociales e impulsar el desarrollo social, econ\u00f3mico y comunitario de Michoac\u00e1n.<\/p>\n<p>Por: Oscar Mendoza<\/p>\n","protected":false},"excerpt":{"rendered":"<p>Entre gritos de aprobaci\u00f3n y otros de reclamo, el gobernador Alfredo Ram\u00edrez Bedolla, rindi\u00f3 su segundo informe como titular del poder ejecutivo de Michoac\u00e1n ante los distintos grupos parlamentarios que integran al Congreso del Estado. Acompa\u00f1ado por integrantes de su gabinete legal y ampliado, como como por representantes de partidos pol\u00edticos, \u00f3rganos aut\u00f3nomos y presidentes [&hellip;]<\/p>\n","protected":false},"author":2,"featured_media":49283,"comment_status":"open","ping_status":"open","sticky":false,"template":"","format":"standard","meta":{"om_disable_all_campaigns":false,"_monsterinsights_skip_tracking":false,"_monsterinsights_sitenote_active":false,"_monsterinsights_sitenote_note":"","_monsterinsights_sitenote_category":0,"_uf_show_specific_survey":0,"_uf_disable_surveys":false,"_jetpack_memberships_contains_paid_content":false,"footnotes":"","jetpack_publicize_message":"Alfredo Ram\u00edrez rinde su segundo informe como gobernador de Michoac\u00e1n","jetpack_publicize_feature_enabled":true,"jetpack_social_post_already_shared":true,"jetpack_social_options":{"image_generator_settings":{"template":"highway","default_image_id":0,"enabled":false},"version":2}},"categories":[15],"tags":[],"class_list":{"0":"post-49282","1":"post","2":"type-post","3":"status-publish","4":"format-standard","5":"has-post-thumbnail","7":"category-michoacan"},"aioseo_notices":[],"jetpack_publicize_connections":[],"jetpack_featured_media_url":"https:\/\/mediagroup.mx\/wp-content\/uploads\/2023\/09\/2b0ea275-6c82-4714-8b93-db235162efe6.jpeg","jetpack_sharing_enabled":true,"_links":{"self":[{"href":"https:\/\/mediagroup.mx\/index.php\/wp-json\/wp\/v2\/posts\/49282","targetHints":{"allow":["GET"]}}],"collection":[{"href":"https:\/\/mediagroup.mx\/index.php\/wp-json\/wp\/v2\/posts"}],"about":[{"href":"https:\/\/mediagroup.mx\/index.php\/wp-json\/wp\/v2\/types\/post"}],"author":[{"embeddable":true,"href":"https:\/\/mediagroup.mx\/index.php\/wp-json\/wp\/v2\/users\/2"}],"replies":[{"embeddable":true,"href":"https:\/\/mediagroup.mx\/index.php\/wp-json\/wp\/v2\/comments?post=49282"}],"version-history":[{"count":1,"href":"https:\/\/mediagroup.mx\/index.php\/wp-json\/wp\/v2\/posts\/49282\/revisions"}],"predecessor-version":[{"id":49284,"href":"https:\/\/mediagroup.mx\/index.php\/wp-json\/wp\/v2\/posts\/49282\/revisions\/49284"}],"wp:featuredmedia":[{"embeddable":true,"href":"https:\/\/mediagroup.mx\/index.php\/wp-json\/wp\/v2\/media\/49283"}],"wp:attachment":[{"href":"https:\/\/mediagroup.mx\/index.php\/wp-json\/wp\/v2\/media?parent=49282"}],"wp:term":[{"taxonomy":"category","embeddable":true,"href":"https:\/\/mediagroup.mx\/index.php\/wp-json\/wp\/v2\/categories?post=49282"},{"taxonomy":"post_tag","embeddable":true,"href":"https:\/\/mediagroup.mx\/index.php\/wp-json\/wp\/v2\/tags?post=49282"}],"curies":[{"name":"wp","href":"https:\/\/api.w.org\/{rel}","templated":true}]}}