{"id":49285,"date":"2023-09-19T01:43:57","date_gmt":"2023-09-19T01:43:57","guid":{"rendered":"https:\/\/mediagroup.mx\/?p=49285"},"modified":"2023-09-19T01:43:57","modified_gmt":"2023-09-19T01:43:57","slug":"pes-partido-verde-y-representacion-parlamentaria-ofrecen-su-respaldo-al-gobernador","status":"publish","type":"post","link":"https:\/\/mediagroup.mx\/index.php\/2023\/09\/19\/pes-partido-verde-y-representacion-parlamentaria-ofrecen-su-respaldo-al-gobernador\/","title":{"rendered":"PES, Partido Verde y Representaci\u00f3n Parlamentaria ofrecen su respaldo al gobernador"},"content":{"rendered":"<p>Las fracciones de los partidos Encuentro Solidario (PES) y Verde Ecologista de M\u00e9xico (PEVM), as\u00ed como la Representaci\u00f3n Parlamentaria del Congreso de Michoac\u00e1n, ofrecieron su respaldo al gobernador Alfredo Ram\u00edrez Bedolla en el marco de su segundo informe como gobernador del estado.<\/p>\n<p>Como parte de las intervenciones de los distintos grupos parlamentarios que integran al poder legislativo estatal, la diputada del PES, Luz Mar\u00eda Garc\u00eda Garc\u00eda manifest\u00f3 que desde el instituto pol\u00edtico que representa, buscar\u00e1n la paz y la reconciliaci\u00f3n sin confrontar al gobierno para lograr una solidaridad en beneficio de Michoac\u00e1n.<\/p>\n<p>Por su parte Margarita L\u00f3pez P\u00e9rez, coordinadora de la bancada del Partido Verde, recalc\u00f3 que Alfredo Ram\u00edrez, cuenta con un gran compromiso y responsabilidad como gobernador del estado, sobretodo, en materia de seguridad para el restablecimiento de la paz en Michoac\u00e1n.<\/p>\n<p>Por \u00faltimo, la diputada Er\u00e9ndira Isauro Hern\u00e1ndez de la Representaci\u00f3n Parlamentaria, afirm\u00f3 que las y los legisladores sin partido, respaldan las acciones de izquierda que emprende el titular del ejecutivo estatal, incluso m\u00e1s, que quienes visten los colores de la llamada Cuarta Transformaci\u00f3n.<\/p>\n<p>Por: Oscar Mendoza<\/p>\n","protected":false},"excerpt":{"rendered":"<p>Las fracciones de los partidos Encuentro Solidario (PES) y Verde Ecologista de M\u00e9xico (PEVM), as\u00ed como la Representaci\u00f3n Parlamentaria del Congreso de Michoac\u00e1n, ofrecieron su respaldo al gobernador Alfredo Ram\u00edrez Bedolla en el marco de su segundo informe como gobernador del estado. Como parte de las intervenciones de los distintos grupos parlamentarios que integran al [&hellip;]<\/p>\n","protected":false},"author":2,"featured_media":49286,"comment_status":"open","ping_status":"open","sticky":false,"template":"","format":"standard","meta":{"om_disable_all_campaigns":false,"_monsterinsights_skip_tracking":false,"_monsterinsights_sitenote_active":false,"_monsterinsights_sitenote_note":"","_monsterinsights_sitenote_category":0,"_uf_show_specific_survey":0,"_uf_disable_surveys":false,"_jetpack_memberships_contains_paid_content":false,"footnotes":"","jetpack_publicize_message":"PES, Partido Verde y Representaci\u00f3n Parlamentaria ofrecen su respaldo al gobernador","jetpack_publicize_feature_enabled":true,"jetpack_social_post_already_shared":true,"jetpack_social_options":{"image_generator_settings":{"template":"highway","default_image_id":0,"enabled":false},"version":2}},"categories":[15],"tags":[],"class_list":{"0":"post-49285","1":"post","2":"type-post","3":"status-publish","4":"format-standard","5":"has-post-thumbnail","7":"category-michoacan"},"aioseo_notices":[],"jetpack_publicize_connections":[],"jetpack_featured_media_url":"https:\/\/mediagroup.mx\/wp-content\/uploads\/2023\/09\/64f4f492-d2b8-4c78-b51c-dacb2f37db30.jpeg","jetpack_sharing_enabled":true,"_links":{"self":[{"href":"https:\/\/mediagroup.mx\/index.php\/wp-json\/wp\/v2\/posts\/49285","targetHints":{"allow":["GET"]}}],"collection":[{"href":"https:\/\/mediagroup.mx\/index.php\/wp-json\/wp\/v2\/posts"}],"about":[{"href":"https:\/\/mediagroup.mx\/index.php\/wp-json\/wp\/v2\/types\/post"}],"author":[{"embeddable":true,"href":"https:\/\/mediagroup.mx\/index.php\/wp-json\/wp\/v2\/users\/2"}],"replies":[{"embeddable":true,"href":"https:\/\/mediagroup.mx\/index.php\/wp-json\/wp\/v2\/comments?post=49285"}],"version-history":[{"count":1,"href":"https:\/\/mediagroup.mx\/index.php\/wp-json\/wp\/v2\/posts\/49285\/revisions"}],"predecessor-version":[{"id":49287,"href":"https:\/\/mediagroup.mx\/index.php\/wp-json\/wp\/v2\/posts\/49285\/revisions\/49287"}],"wp:featuredmedia":[{"embeddable":true,"href":"https:\/\/mediagroup.mx\/index.php\/wp-json\/wp\/v2\/media\/49286"}],"wp:attachment":[{"href":"https:\/\/mediagroup.mx\/index.php\/wp-json\/wp\/v2\/media?parent=49285"}],"wp:term":[{"taxonomy":"category","embeddable":true,"href":"https:\/\/mediagroup.mx\/index.php\/wp-json\/wp\/v2\/categories?post=49285"},{"taxonomy":"post_tag","embeddable":true,"href":"https:\/\/mediagroup.mx\/index.php\/wp-json\/wp\/v2\/tags?post=49285"}],"curies":[{"name":"wp","href":"https:\/\/api.w.org\/{rel}","templated":true}]}}