{"id":49291,"date":"2023-09-19T01:47:35","date_gmt":"2023-09-19T01:47:35","guid":{"rendered":"https:\/\/mediagroup.mx\/?p=49291"},"modified":"2023-09-19T01:47:35","modified_gmt":"2023-09-19T01:47:35","slug":"falta-gobernabilidad-en-michoacan-senalan-ciudadanos","status":"publish","type":"post","link":"https:\/\/mediagroup.mx\/index.php\/2023\/09\/19\/falta-gobernabilidad-en-michoacan-senalan-ciudadanos\/","title":{"rendered":"Falta gobernabilidad en Michoac\u00e1n, se\u00f1alan ciudadanos"},"content":{"rendered":"<p>Despu\u00e9s del 2\u00ba Informe de Gobierno de Alfredo Ram\u00edrez Bedolla, gobernador de Michoac\u00e1n, nos dimos a la tarea de preguntarle a ciudadanos en el Centro Hist\u00f3rico de Morelia sobre su impresi\u00f3n sobre estos dos a\u00f1os de gobierno, quienes a pesar de reconocer avances en esta administraci\u00f3n se\u00f1alaron que a\u00fan faltan condiciones para afirmar que hay gobernabilidad, como lo afirm\u00f3 el titular del Ejecutivo en su discurso.<\/p>\n<p>\u201cPero en cuanto a gobernabilidad todav\u00eda hace falta un poquito m\u00e1s controlar lo que es las regiones m\u00e1s peligrosas como tierra caliente, u otras de las zonas m\u00e1s peligrosas del estado. Un poco m\u00e1s de vigilancia, m\u00e1s constancia, mayor permanencia de los militares, para poder garantizar m\u00e1s seguridad a esa gente; hay mucha gente que quiere trabajar all\u00e1 en las huertas y no puede porque no hay el respaldo suficiente y la seguridad\u2026\u201d, expuso el se\u00f1or Jos\u00e9 Antonio Garc\u00eda, quien reconoci\u00f3 avances en materia de infraestructura.<\/p>\n<p>Sin embargo, Ra\u00fal \u00c1vila, quien caminaba por Plaza de Armas, se\u00f1al\u00f3 que para \u00e9l las cosas siguen igual, que no hay gobernabilidad y hay muchos problemas, con el narcotr\u00e1fico igual; \u201cpara m\u00ed no ha cambiado nada\u201d.<\/p>\n<p>Por otro lado, Glicerio Morales resalt\u00f3 la disminuci\u00f3n de las tomas de las v\u00edas del tren y carreteras, aunque reconoci\u00f3 que no es un cambio que se pueda realizar de un d\u00eda para otro.<\/p>\n<p>&nbsp;<\/p>\n<p>Por: Jes\u00fas Gonz\u00e1lez<\/p>\n","protected":false},"excerpt":{"rendered":"<p>Despu\u00e9s del 2\u00ba Informe de Gobierno de Alfredo Ram\u00edrez Bedolla, gobernador de Michoac\u00e1n, nos dimos a la tarea de preguntarle a ciudadanos en el Centro Hist\u00f3rico de Morelia sobre su impresi\u00f3n sobre estos dos a\u00f1os de gobierno, quienes a pesar de reconocer avances en esta administraci\u00f3n se\u00f1alaron que a\u00fan faltan condiciones para afirmar que hay [&hellip;]<\/p>\n","protected":false},"author":2,"featured_media":49292,"comment_status":"open","ping_status":"open","sticky":false,"template":"","format":"standard","meta":{"om_disable_all_campaigns":false,"_monsterinsights_skip_tracking":false,"_monsterinsights_sitenote_active":false,"_monsterinsights_sitenote_note":"","_monsterinsights_sitenote_category":0,"_uf_show_specific_survey":0,"_uf_disable_surveys":false,"_jetpack_memberships_contains_paid_content":false,"footnotes":"","jetpack_publicize_message":"Falta gobernabilidad en Michoac\u00e1n, se\u00f1alan ciudadanos","jetpack_publicize_feature_enabled":true,"jetpack_social_post_already_shared":true,"jetpack_social_options":{"image_generator_settings":{"template":"highway","default_image_id":0,"enabled":false},"version":2}},"categories":[15],"tags":[],"class_list":{"0":"post-49291","1":"post","2":"type-post","3":"status-publish","4":"format-standard","5":"has-post-thumbnail","7":"category-michoacan"},"aioseo_notices":[],"jetpack_publicize_connections":[],"jetpack_featured_media_url":"https:\/\/mediagroup.mx\/wp-content\/uploads\/2023\/09\/5c3d8623-8288-4ae0-8a00-560ec097cdb0.jpeg","jetpack_sharing_enabled":true,"_links":{"self":[{"href":"https:\/\/mediagroup.mx\/index.php\/wp-json\/wp\/v2\/posts\/49291","targetHints":{"allow":["GET"]}}],"collection":[{"href":"https:\/\/mediagroup.mx\/index.php\/wp-json\/wp\/v2\/posts"}],"about":[{"href":"https:\/\/mediagroup.mx\/index.php\/wp-json\/wp\/v2\/types\/post"}],"author":[{"embeddable":true,"href":"https:\/\/mediagroup.mx\/index.php\/wp-json\/wp\/v2\/users\/2"}],"replies":[{"embeddable":true,"href":"https:\/\/mediagroup.mx\/index.php\/wp-json\/wp\/v2\/comments?post=49291"}],"version-history":[{"count":1,"href":"https:\/\/mediagroup.mx\/index.php\/wp-json\/wp\/v2\/posts\/49291\/revisions"}],"predecessor-version":[{"id":49293,"href":"https:\/\/mediagroup.mx\/index.php\/wp-json\/wp\/v2\/posts\/49291\/revisions\/49293"}],"wp:featuredmedia":[{"embeddable":true,"href":"https:\/\/mediagroup.mx\/index.php\/wp-json\/wp\/v2\/media\/49292"}],"wp:attachment":[{"href":"https:\/\/mediagroup.mx\/index.php\/wp-json\/wp\/v2\/media?parent=49291"}],"wp:term":[{"taxonomy":"category","embeddable":true,"href":"https:\/\/mediagroup.mx\/index.php\/wp-json\/wp\/v2\/categories?post=49291"},{"taxonomy":"post_tag","embeddable":true,"href":"https:\/\/mediagroup.mx\/index.php\/wp-json\/wp\/v2\/tags?post=49291"}],"curies":[{"name":"wp","href":"https:\/\/api.w.org\/{rel}","templated":true}]}}