{"id":49297,"date":"2023-09-19T01:53:07","date_gmt":"2023-09-19T01:53:07","guid":{"rendered":"https:\/\/mediagroup.mx\/?p=49297"},"modified":"2023-09-19T01:53:07","modified_gmt":"2023-09-19T01:53:07","slug":"teremendo-de-los-reyes-elige-a-presidenta-del-comite-de-usos-y-costumbres-de-autogobierno","status":"publish","type":"post","link":"https:\/\/mediagroup.mx\/index.php\/2023\/09\/19\/teremendo-de-los-reyes-elige-a-presidenta-del-comite-de-usos-y-costumbres-de-autogobierno\/","title":{"rendered":"Teremendo de los Reyes elige a presidenta del Comit\u00e9 de usos y costumbres de autogobierno"},"content":{"rendered":"<p>Este s\u00e1bado 17 de septiembre, se realiz\u00f3 la renovaci\u00f3n de la jefatura de tenencia de Teremendo de los Reyes, despu\u00e9s de una jornada electoral donde se presentaron dos planillas ante la comunidad, resultando electa Er\u00e9ndira Huape Rodr\u00edguez, quien fungir\u00e1 como presidenta del Comit\u00e9 de usos y costumbres de la localidad, pues la comunidad ind\u00edgena acceder\u00e1 a presupuesto directo, inform\u00f3 el secretario del Ayuntamiento, Yankel Ben\u00edtez Silva.<\/p>\n<p>Por otro lado, agreg\u00f3 que ser\u00e1 despu\u00e9s de la toma de protesta que se iniciar\u00e1 la ruta para trazar los acuerdos para el autogobierno de la tenencia.<\/p>\n<p>Por \u00faltimo, detall\u00f3 el funcionario municipal que legalmente no hay otra comunidad que pueda acceder al autogobierno en Morelia.<\/p>\n<p>Por: Jes\u00fas Gonz\u00e1lez<\/p>\n","protected":false},"excerpt":{"rendered":"<p>Este s\u00e1bado 17 de septiembre, se realiz\u00f3 la renovaci\u00f3n de la jefatura de tenencia de Teremendo de los Reyes, despu\u00e9s de una jornada electoral donde se presentaron dos planillas ante la comunidad, resultando electa Er\u00e9ndira Huape Rodr\u00edguez, quien fungir\u00e1 como presidenta del Comit\u00e9 de usos y costumbres de la localidad, pues la comunidad ind\u00edgena acceder\u00e1 [&hellip;]<\/p>\n","protected":false},"author":2,"featured_media":49298,"comment_status":"open","ping_status":"open","sticky":false,"template":"","format":"standard","meta":{"om_disable_all_campaigns":false,"_monsterinsights_skip_tracking":false,"_monsterinsights_sitenote_active":false,"_monsterinsights_sitenote_note":"","_monsterinsights_sitenote_category":0,"_uf_show_specific_survey":0,"_uf_disable_surveys":false,"_jetpack_memberships_contains_paid_content":false,"footnotes":"","jetpack_publicize_message":"Teremendo de los Reyes elige a presidenta del Comit\u00e9 de usos y costumbres de autogobierno","jetpack_publicize_feature_enabled":true,"jetpack_social_post_already_shared":true,"jetpack_social_options":{"image_generator_settings":{"template":"highway","default_image_id":0,"enabled":false},"version":2}},"categories":[17],"tags":[],"class_list":{"0":"post-49297","1":"post","2":"type-post","3":"status-publish","4":"format-standard","5":"has-post-thumbnail","7":"category-morelia"},"aioseo_notices":[],"jetpack_publicize_connections":[],"jetpack_featured_media_url":"https:\/\/mediagroup.mx\/wp-content\/uploads\/2023\/09\/229a6ff2-6d88-41bc-8993-f221094962f7.jpeg","jetpack_sharing_enabled":true,"_links":{"self":[{"href":"https:\/\/mediagroup.mx\/index.php\/wp-json\/wp\/v2\/posts\/49297","targetHints":{"allow":["GET"]}}],"collection":[{"href":"https:\/\/mediagroup.mx\/index.php\/wp-json\/wp\/v2\/posts"}],"about":[{"href":"https:\/\/mediagroup.mx\/index.php\/wp-json\/wp\/v2\/types\/post"}],"author":[{"embeddable":true,"href":"https:\/\/mediagroup.mx\/index.php\/wp-json\/wp\/v2\/users\/2"}],"replies":[{"embeddable":true,"href":"https:\/\/mediagroup.mx\/index.php\/wp-json\/wp\/v2\/comments?post=49297"}],"version-history":[{"count":1,"href":"https:\/\/mediagroup.mx\/index.php\/wp-json\/wp\/v2\/posts\/49297\/revisions"}],"predecessor-version":[{"id":49299,"href":"https:\/\/mediagroup.mx\/index.php\/wp-json\/wp\/v2\/posts\/49297\/revisions\/49299"}],"wp:featuredmedia":[{"embeddable":true,"href":"https:\/\/mediagroup.mx\/index.php\/wp-json\/wp\/v2\/media\/49298"}],"wp:attachment":[{"href":"https:\/\/mediagroup.mx\/index.php\/wp-json\/wp\/v2\/media?parent=49297"}],"wp:term":[{"taxonomy":"category","embeddable":true,"href":"https:\/\/mediagroup.mx\/index.php\/wp-json\/wp\/v2\/categories?post=49297"},{"taxonomy":"post_tag","embeddable":true,"href":"https:\/\/mediagroup.mx\/index.php\/wp-json\/wp\/v2\/tags?post=49297"}],"curies":[{"name":"wp","href":"https:\/\/api.w.org\/{rel}","templated":true}]}}