{"id":49300,"date":"2023-09-19T01:54:26","date_gmt":"2023-09-19T01:54:26","guid":{"rendered":"https:\/\/mediagroup.mx\/?p=49300"},"modified":"2023-09-19T01:54:26","modified_gmt":"2023-09-19T01:54:26","slug":"gobierno-de-bedolla-enderezo-rumbo-y-genera-confianza-para-inversiones-afirman-bancadas-de-pt-y-morena","status":"publish","type":"post","link":"https:\/\/mediagroup.mx\/index.php\/2023\/09\/19\/gobierno-de-bedolla-enderezo-rumbo-y-genera-confianza-para-inversiones-afirman-bancadas-de-pt-y-morena\/","title":{"rendered":"Gobierno de Bedolla enderez\u00f3 rumbo y genera confianza para inversiones, afirman bancadas de PT y Morena"},"content":{"rendered":"<p>Los grupos parlamentarios del Partido del Trabajo y del Movimiento de Regeneraci\u00f3n Nacional (Morena) del Congreso local, afirmaron que durante los dos a\u00f1os de su administraci\u00f3n, Alfredo Ram\u00edrez Bedolla ha podido recuperar la confianza en Michoac\u00e1n, tras atender la crisis que recibi\u00f3 a su llegada como gobernador del estado.<\/p>\n<p>Al fijar su posici\u00f3n por el segundo informe que rindi\u00f3 el mandatario, el coordinador de la fracci\u00f3n legislativa de Morena, Juan Carlos Barrag\u00e1n, asegur\u00f3 que la llamada Cuarta Transformaci\u00f3n y el actual titular del ejecutivo estatal, han podido atender y resolver poco a poco la crisis en la que se encontraba Michoac\u00e1n.<\/p>\n<p>Asimismo, el legislador destac\u00f3 que la administraci\u00f3n a cargo de Ram\u00edrez Bedolla, ha restablecido la coordinaci\u00f3n con el Gobierno de M\u00e9xico y lo que se tradujo en la recuperaci\u00f3n del sector educativo y el saneamiento administrativo.<\/p>\n<p>Por su parte el l\u00edder de la bancada petista, Baltazar Gaona S\u00e1nchez, afirm\u00f3 que con el morenista en la gubernatura hay apertura entre el poder ejecutivo y el legislativo as\u00ed como un buen manejo de las finanzas, y lo que a su juicio, representa la recuperaci\u00f3n de la confianza en el estado para las inversiones y la generaci\u00f3n de empleos.<\/p>\n<p>Por: Oscar Mendoza<\/p>\n","protected":false},"excerpt":{"rendered":"<p>Los grupos parlamentarios del Partido del Trabajo y del Movimiento de Regeneraci\u00f3n Nacional (Morena) del Congreso local, afirmaron que durante los dos a\u00f1os de su administraci\u00f3n, Alfredo Ram\u00edrez Bedolla ha podido recuperar la confianza en Michoac\u00e1n, tras atender la crisis que recibi\u00f3 a su llegada como gobernador del estado. Al fijar su posici\u00f3n por el [&hellip;]<\/p>\n","protected":false},"author":2,"featured_media":49301,"comment_status":"open","ping_status":"open","sticky":false,"template":"","format":"standard","meta":{"om_disable_all_campaigns":false,"_monsterinsights_skip_tracking":false,"_monsterinsights_sitenote_active":false,"_monsterinsights_sitenote_note":"","_monsterinsights_sitenote_category":0,"_uf_show_specific_survey":0,"_uf_disable_surveys":false,"_jetpack_memberships_contains_paid_content":false,"footnotes":"","jetpack_publicize_message":"Gobierno de Bedolla enderez\u00f3 rumbo y genera confianza para inversiones, afirman bancadas de PT y Morena","jetpack_publicize_feature_enabled":true,"jetpack_social_post_already_shared":true,"jetpack_social_options":{"image_generator_settings":{"template":"highway","default_image_id":0,"enabled":false},"version":2}},"categories":[15],"tags":[],"class_list":{"0":"post-49300","1":"post","2":"type-post","3":"status-publish","4":"format-standard","5":"has-post-thumbnail","7":"category-michoacan"},"aioseo_notices":[],"jetpack_publicize_connections":[],"jetpack_featured_media_url":"https:\/\/mediagroup.mx\/wp-content\/uploads\/2023\/09\/ff31c054-a471-4236-afb1-0cadedfd1e1c.jpeg","jetpack_sharing_enabled":true,"_links":{"self":[{"href":"https:\/\/mediagroup.mx\/index.php\/wp-json\/wp\/v2\/posts\/49300","targetHints":{"allow":["GET"]}}],"collection":[{"href":"https:\/\/mediagroup.mx\/index.php\/wp-json\/wp\/v2\/posts"}],"about":[{"href":"https:\/\/mediagroup.mx\/index.php\/wp-json\/wp\/v2\/types\/post"}],"author":[{"embeddable":true,"href":"https:\/\/mediagroup.mx\/index.php\/wp-json\/wp\/v2\/users\/2"}],"replies":[{"embeddable":true,"href":"https:\/\/mediagroup.mx\/index.php\/wp-json\/wp\/v2\/comments?post=49300"}],"version-history":[{"count":1,"href":"https:\/\/mediagroup.mx\/index.php\/wp-json\/wp\/v2\/posts\/49300\/revisions"}],"predecessor-version":[{"id":49302,"href":"https:\/\/mediagroup.mx\/index.php\/wp-json\/wp\/v2\/posts\/49300\/revisions\/49302"}],"wp:featuredmedia":[{"embeddable":true,"href":"https:\/\/mediagroup.mx\/index.php\/wp-json\/wp\/v2\/media\/49301"}],"wp:attachment":[{"href":"https:\/\/mediagroup.mx\/index.php\/wp-json\/wp\/v2\/media?parent=49300"}],"wp:term":[{"taxonomy":"category","embeddable":true,"href":"https:\/\/mediagroup.mx\/index.php\/wp-json\/wp\/v2\/categories?post=49300"},{"taxonomy":"post_tag","embeddable":true,"href":"https:\/\/mediagroup.mx\/index.php\/wp-json\/wp\/v2\/tags?post=49300"}],"curies":[{"name":"wp","href":"https:\/\/api.w.org\/{rel}","templated":true}]}}