{"id":49308,"date":"2023-09-20T04:37:51","date_gmt":"2023-09-20T04:37:51","guid":{"rendered":"https:\/\/mediagroup.mx\/?p=49308"},"modified":"2023-09-20T04:37:51","modified_gmt":"2023-09-20T04:37:51","slug":"juez-determina-ilegal-detencion-de-los-26-detenidos-de-la-ruana","status":"publish","type":"post","link":"https:\/\/mediagroup.mx\/index.php\/2023\/09\/20\/juez-determina-ilegal-detencion-de-los-26-detenidos-de-la-ruana\/","title":{"rendered":"Juez determina ilegal detenci\u00f3n de los 26 detenidos de \u00abLa Ruana\u00bb"},"content":{"rendered":"<p>Un Juez federal decret\u00f3 como ilegal, la detenci\u00f3n de las 26 personas detenidas durante un operativo conjunto realizado por elementos de los tres \u00f3rdenes de gobierno, el pasado s\u00e1bado 16 de septiembre en la tenencia de Felipe Carrillo Puerto, mejor conocido como \u00abLa Ruana\u00bb.<\/p>\n<p>Durante la acci\u00f3n operativa en la que particip\u00f3 el Ej\u00e9rcito Mexicano, Guardia Nacional, Guardia Civil y la Fiscal\u00eda General del Estado aseguraron en una oficina de la Tenencia un arsenal de 15 armas largas, dos cortas, as\u00ed como equipo t\u00e1ctico. Siendo requeridos 20 hombres y 6 mujeres.<\/p>\n<p>Esta noche durante una audiencia que se prolong\u00f3 por varias horas, en la sede del Poder Judicial de la Federaci\u00f3n, ubicado sobre la Avenida Camelinas, el Ministerio P\u00fablico Federal, no aport\u00f3 los elementos necesarios para demostrarte la responsabilidad de los imputados, en el delito de Violaci\u00f3n a Ley Federal de Arma de Fuego y de uso Exclusivo del Ej\u00e9rcito Mexicano.<\/p>\n<p>Por lo anterior, el Juez orden\u00f3 la inmediata libertad de los imputados, al decretar de ilegal su detenci\u00f3n.<\/p>\n<p>Los 20 hombres y seis mujeres una vez a fuera de los juzgados, se reunieron con sus familiares para posteriormente regresar a sus respectivos domicilios.<\/p>\n","protected":false},"excerpt":{"rendered":"<p>Un Juez federal decret\u00f3 como ilegal, la detenci\u00f3n de las 26 personas detenidas durante un operativo conjunto realizado por elementos de los tres \u00f3rdenes de gobierno, el pasado s\u00e1bado 16 de septiembre en la tenencia de Felipe Carrillo Puerto, mejor conocido como \u00abLa Ruana\u00bb. Durante la acci\u00f3n operativa en la que particip\u00f3 el Ej\u00e9rcito Mexicano, [&hellip;]<\/p>\n","protected":false},"author":2,"featured_media":49309,"comment_status":"open","ping_status":"open","sticky":false,"template":"","format":"standard","meta":{"om_disable_all_campaigns":false,"_monsterinsights_skip_tracking":false,"_monsterinsights_sitenote_active":false,"_monsterinsights_sitenote_note":"","_monsterinsights_sitenote_category":0,"_uf_show_specific_survey":0,"_uf_disable_surveys":false,"_jetpack_memberships_contains_paid_content":false,"footnotes":"","jetpack_publicize_message":"","jetpack_publicize_feature_enabled":true,"jetpack_social_post_already_shared":true,"jetpack_social_options":{"image_generator_settings":{"template":"highway","default_image_id":0,"enabled":false},"version":2}},"categories":[24],"tags":[],"class_list":{"0":"post-49308","1":"post","2":"type-post","3":"status-publish","4":"format-standard","5":"has-post-thumbnail","7":"category-seguridad"},"aioseo_notices":[],"jetpack_publicize_connections":[],"jetpack_featured_media_url":"https:\/\/mediagroup.mx\/wp-content\/uploads\/2023\/09\/90c21a3e-8dda-4b45-962d-d43a93a07464.jpeg","jetpack_sharing_enabled":true,"_links":{"self":[{"href":"https:\/\/mediagroup.mx\/index.php\/wp-json\/wp\/v2\/posts\/49308","targetHints":{"allow":["GET"]}}],"collection":[{"href":"https:\/\/mediagroup.mx\/index.php\/wp-json\/wp\/v2\/posts"}],"about":[{"href":"https:\/\/mediagroup.mx\/index.php\/wp-json\/wp\/v2\/types\/post"}],"author":[{"embeddable":true,"href":"https:\/\/mediagroup.mx\/index.php\/wp-json\/wp\/v2\/users\/2"}],"replies":[{"embeddable":true,"href":"https:\/\/mediagroup.mx\/index.php\/wp-json\/wp\/v2\/comments?post=49308"}],"version-history":[{"count":1,"href":"https:\/\/mediagroup.mx\/index.php\/wp-json\/wp\/v2\/posts\/49308\/revisions"}],"predecessor-version":[{"id":49310,"href":"https:\/\/mediagroup.mx\/index.php\/wp-json\/wp\/v2\/posts\/49308\/revisions\/49310"}],"wp:featuredmedia":[{"embeddable":true,"href":"https:\/\/mediagroup.mx\/index.php\/wp-json\/wp\/v2\/media\/49309"}],"wp:attachment":[{"href":"https:\/\/mediagroup.mx\/index.php\/wp-json\/wp\/v2\/media?parent=49308"}],"wp:term":[{"taxonomy":"category","embeddable":true,"href":"https:\/\/mediagroup.mx\/index.php\/wp-json\/wp\/v2\/categories?post=49308"},{"taxonomy":"post_tag","embeddable":true,"href":"https:\/\/mediagroup.mx\/index.php\/wp-json\/wp\/v2\/tags?post=49308"}],"curies":[{"name":"wp","href":"https:\/\/api.w.org\/{rel}","templated":true}]}}