{"id":49363,"date":"2023-09-22T23:23:04","date_gmt":"2023-09-22T23:23:04","guid":{"rendered":"https:\/\/mediagroup.mx\/?p=49363"},"modified":"2023-09-22T23:23:04","modified_gmt":"2023-09-22T23:23:04","slug":"discapacidad-intelectual-no-debe-ser-impedimento-para-votar-magistrado-del-tepjf","status":"publish","type":"post","link":"https:\/\/mediagroup.mx\/index.php\/2023\/09\/22\/discapacidad-intelectual-no-debe-ser-impedimento-para-votar-magistrado-del-tepjf\/","title":{"rendered":"Discapacidad intelectual no debe ser impedimento para votar, magistrado del TEPJF"},"content":{"rendered":"<p>El magistrado presidente de la Sala Regional Toluca del Tribunal Electoral del Poder Judicial de la Federaci\u00f3n, Alejandro David Avante Ju\u00e1rez afirm\u00f3 que la discapacidad intelectual, no debe ser una motivaci\u00f3n legal para impedir el voto de las y los mexicanos.<\/p>\n<p>Al visitar la ciudad de Morelia para presentar su libro \u201cEl derecho al voto de las personas con discapacidad intelectual\u201d, el especialista resalt\u00f3 que el prop\u00f3sito de esta investigaci\u00f3n es visibilizar los impedimentos que enfrenta las personas con discapacidad intelectual para ejercer su sufragio y participar en la vida democr\u00e1tica.<\/p>\n<p>Asimismo y a pesar de las dificultades que enfrenta personas con discapacidad, el magistrado consider\u00f3 que el sistema electoral mexicano, ha dado avances para lograr la inclusi\u00f3n e igualdad en los procesos electorales.<\/p>\n<p>Sin embargo, Avante Ju\u00e1rez admiti\u00f3 que parte de la exclusi\u00f3n en el sistema electoral de las personas con discapacidad intelectual, surge desde la tramitolog\u00eda que se necesita para incorporarse al listado nominal y otros mecanismos a cargo del sistema electoral mexicano y\/o desde las propias familias que niegan el acceso a una credencial para votar.<\/p>\n<p>Por: Oscar Mendoza<\/p>\n","protected":false},"excerpt":{"rendered":"<p>El magistrado presidente de la Sala Regional Toluca del Tribunal Electoral del Poder Judicial de la Federaci\u00f3n, Alejandro David Avante Ju\u00e1rez afirm\u00f3 que la discapacidad intelectual, no debe ser una motivaci\u00f3n legal para impedir el voto de las y los mexicanos. Al visitar la ciudad de Morelia para presentar su libro \u201cEl derecho al voto [&hellip;]<\/p>\n","protected":false},"author":2,"featured_media":49364,"comment_status":"open","ping_status":"open","sticky":false,"template":"","format":"standard","meta":{"om_disable_all_campaigns":false,"_monsterinsights_skip_tracking":false,"_monsterinsights_sitenote_active":false,"_monsterinsights_sitenote_note":"","_monsterinsights_sitenote_category":0,"_uf_show_specific_survey":0,"_uf_disable_surveys":false,"_jetpack_memberships_contains_paid_content":false,"footnotes":"","jetpack_publicize_message":"Discapacidad intelectual no debe ser impedimento para votar, magistrado del TEPJF","jetpack_publicize_feature_enabled":true,"jetpack_social_post_already_shared":true,"jetpack_social_options":{"image_generator_settings":{"template":"highway","default_image_id":0,"enabled":false},"version":2}},"categories":[15],"tags":[],"class_list":{"0":"post-49363","1":"post","2":"type-post","3":"status-publish","4":"format-standard","5":"has-post-thumbnail","7":"category-michoacan"},"aioseo_notices":[],"jetpack_publicize_connections":[],"jetpack_featured_media_url":"https:\/\/mediagroup.mx\/wp-content\/uploads\/2023\/09\/f548da4a-4cd4-47ca-aa0b-59465bbf6e15.jpeg","jetpack_sharing_enabled":true,"_links":{"self":[{"href":"https:\/\/mediagroup.mx\/index.php\/wp-json\/wp\/v2\/posts\/49363","targetHints":{"allow":["GET"]}}],"collection":[{"href":"https:\/\/mediagroup.mx\/index.php\/wp-json\/wp\/v2\/posts"}],"about":[{"href":"https:\/\/mediagroup.mx\/index.php\/wp-json\/wp\/v2\/types\/post"}],"author":[{"embeddable":true,"href":"https:\/\/mediagroup.mx\/index.php\/wp-json\/wp\/v2\/users\/2"}],"replies":[{"embeddable":true,"href":"https:\/\/mediagroup.mx\/index.php\/wp-json\/wp\/v2\/comments?post=49363"}],"version-history":[{"count":1,"href":"https:\/\/mediagroup.mx\/index.php\/wp-json\/wp\/v2\/posts\/49363\/revisions"}],"predecessor-version":[{"id":49365,"href":"https:\/\/mediagroup.mx\/index.php\/wp-json\/wp\/v2\/posts\/49363\/revisions\/49365"}],"wp:featuredmedia":[{"embeddable":true,"href":"https:\/\/mediagroup.mx\/index.php\/wp-json\/wp\/v2\/media\/49364"}],"wp:attachment":[{"href":"https:\/\/mediagroup.mx\/index.php\/wp-json\/wp\/v2\/media?parent=49363"}],"wp:term":[{"taxonomy":"category","embeddable":true,"href":"https:\/\/mediagroup.mx\/index.php\/wp-json\/wp\/v2\/categories?post=49363"},{"taxonomy":"post_tag","embeddable":true,"href":"https:\/\/mediagroup.mx\/index.php\/wp-json\/wp\/v2\/tags?post=49363"}],"curies":[{"name":"wp","href":"https:\/\/api.w.org\/{rel}","templated":true}]}}