{"id":49376,"date":"2023-09-22T23:59:46","date_gmt":"2023-09-22T23:59:46","guid":{"rendered":"https:\/\/mediagroup.mx\/?p=49376"},"modified":"2023-09-22T23:59:46","modified_gmt":"2023-09-22T23:59:46","slug":"delicada-es-la-salud-del-menor-atropellado-por-automovilista-en-morelia","status":"publish","type":"post","link":"https:\/\/mediagroup.mx\/index.php\/2023\/09\/22\/delicada-es-la-salud-del-menor-atropellado-por-automovilista-en-morelia\/","title":{"rendered":"Delicada es la salud del menor atropellado por automovilista en Morelia"},"content":{"rendered":"<p>Delicada es la salud del ni\u00f1o de 11 a\u00f1os de edad que sufri\u00f3 amputaci\u00f3n de ambos brazos tras ser atropellado por un automovilista durante la tarde del pasado jueves al poniente de Morelia, a la altura de la colonia Jardines de Sindurio.<\/p>\n<p>De acuerdo con fuentes allegadas al tema, el menor responde al nombre de \u00d3scar, quien tambi\u00e9n padeci\u00f3 otras lesiones corporales, \u00e9l es atendido en el Hospital Infantil de Morelia. Trascendi\u00f3 que los padres del citado paciente son de escasos recursos.<\/p>\n<p>En caso de querer apoyar econ\u00f3micamente a dicha familia favor de acudir al comentado nosocomio y entrevistarse con Jos\u00e9 Rangel Villalobos, pap\u00e1 de \u00d3scar, o tambi\u00e9n hacer una aportaci\u00f3n a la cuenta de Banco Azteca que aparece en la imagen.<\/p>\n","protected":false},"excerpt":{"rendered":"<p>Delicada es la salud del ni\u00f1o de 11 a\u00f1os de edad que sufri\u00f3 amputaci\u00f3n de ambos brazos tras ser atropellado por un automovilista durante la tarde del pasado jueves al poniente de Morelia, a la altura de la colonia Jardines de Sindurio. De acuerdo con fuentes allegadas al tema, el menor responde al nombre de [&hellip;]<\/p>\n","protected":false},"author":2,"featured_media":49377,"comment_status":"open","ping_status":"open","sticky":false,"template":"","format":"standard","meta":{"om_disable_all_campaigns":false,"_monsterinsights_skip_tracking":false,"_monsterinsights_sitenote_active":false,"_monsterinsights_sitenote_note":"","_monsterinsights_sitenote_category":0,"_uf_show_specific_survey":0,"_uf_disable_surveys":false,"_jetpack_memberships_contains_paid_content":false,"footnotes":"","jetpack_publicize_message":"Delicada es la salud del menor atropellado por automovilista en Morelia","jetpack_publicize_feature_enabled":true,"jetpack_social_post_already_shared":true,"jetpack_social_options":{"image_generator_settings":{"template":"highway","default_image_id":0,"enabled":false},"version":2}},"categories":[24],"tags":[],"class_list":{"0":"post-49376","1":"post","2":"type-post","3":"status-publish","4":"format-standard","5":"has-post-thumbnail","7":"category-seguridad"},"aioseo_notices":[],"jetpack_publicize_connections":[],"jetpack_featured_media_url":"https:\/\/mediagroup.mx\/wp-content\/uploads\/2023\/09\/2c3d6719-24d2-4a05-bf7f-bc40cb6aac0b.jpeg","jetpack_sharing_enabled":true,"_links":{"self":[{"href":"https:\/\/mediagroup.mx\/index.php\/wp-json\/wp\/v2\/posts\/49376","targetHints":{"allow":["GET"]}}],"collection":[{"href":"https:\/\/mediagroup.mx\/index.php\/wp-json\/wp\/v2\/posts"}],"about":[{"href":"https:\/\/mediagroup.mx\/index.php\/wp-json\/wp\/v2\/types\/post"}],"author":[{"embeddable":true,"href":"https:\/\/mediagroup.mx\/index.php\/wp-json\/wp\/v2\/users\/2"}],"replies":[{"embeddable":true,"href":"https:\/\/mediagroup.mx\/index.php\/wp-json\/wp\/v2\/comments?post=49376"}],"version-history":[{"count":1,"href":"https:\/\/mediagroup.mx\/index.php\/wp-json\/wp\/v2\/posts\/49376\/revisions"}],"predecessor-version":[{"id":49378,"href":"https:\/\/mediagroup.mx\/index.php\/wp-json\/wp\/v2\/posts\/49376\/revisions\/49378"}],"wp:featuredmedia":[{"embeddable":true,"href":"https:\/\/mediagroup.mx\/index.php\/wp-json\/wp\/v2\/media\/49377"}],"wp:attachment":[{"href":"https:\/\/mediagroup.mx\/index.php\/wp-json\/wp\/v2\/media?parent=49376"}],"wp:term":[{"taxonomy":"category","embeddable":true,"href":"https:\/\/mediagroup.mx\/index.php\/wp-json\/wp\/v2\/categories?post=49376"},{"taxonomy":"post_tag","embeddable":true,"href":"https:\/\/mediagroup.mx\/index.php\/wp-json\/wp\/v2\/tags?post=49376"}],"curies":[{"name":"wp","href":"https:\/\/api.w.org\/{rel}","templated":true}]}}