{"id":49384,"date":"2023-09-25T03:04:32","date_gmt":"2023-09-25T03:04:32","guid":{"rendered":"https:\/\/mediagroup.mx\/?p=49384"},"modified":"2023-09-25T03:04:32","modified_gmt":"2023-09-25T03:04:32","slug":"rinde-diputada-seyra-aleman-su-segundo-informe-legislativo","status":"publish","type":"post","link":"https:\/\/mediagroup.mx\/index.php\/2023\/09\/25\/rinde-diputada-seyra-aleman-su-segundo-informe-legislativo\/","title":{"rendered":"Rinde diputada Seyra Alem\u00e1n su Segundo Informe Legislativo"},"content":{"rendered":"<p>\u201cMichoac\u00e1n hoy tiene rumbo, avanza construyendo con representantes que si velamos por los m\u00e1s necesitados\u201d expres\u00f3 Seyra Anah\u00ed Alem\u00e1n Sierra durante la rendici\u00f3n de su Segundo Informe de Actividades Legislativas.<\/p>\n<p>Alem\u00e1n Sierra destac\u00f3 los resultados como presidenta de la Comisi\u00f3n de Hacienda y Deuda P\u00fablica, as\u00ed como integrante de la Comisi\u00f3n de Fortalecimiento Municipal y L\u00edmites Territoriales y de la Comisi\u00f3n Inspectora de la Auditor\u00eda Superior de Michoac\u00e1n.<\/p>\n<p>Y resalt\u00f3 las iniciativas y reformas a la Ley de Asociaciones Intermunicipales, a la Ley de Ingresos y a la Ley de Fiscalizaci\u00f3n Superior y Rendici\u00f3n de Cuentas, entre otras.<\/p>\n<p>Seyra Aleman dej\u00f3 en claro el compromiso con las y los j\u00f3venes de la entidad \u201cTienen en mi una aliada a la educaci\u00f3n, a la vivienda digna, a la inclusi\u00f3n de las personas con discapacidad pero sobre todo a la atenci\u00f3n de quienes m\u00e1s lo necesitan\u201d<\/p>\n<p>Por su parte, el secretario de Finanzas, Luis Navarro Garc\u00eda, resalt\u00f3 que el trabajo en conjunto con el Poder Legislativo, siempre en el respeto a las autonom\u00edas, ha dado resultados para y por Michoacan.<\/p>\n<p>Acompa\u00f1aron a la diputada en representaci\u00f3n del Gobernador, Alfredo Ram\u00edrez Bedolla, el secretario de Gobierno, Carlos Torres Pi\u00f1a; el secretario de Finanzas, Luis Navarro Garc\u00eda; la secretaria del Bienestar, Giulianna Bugarini Torres; entre otros.<\/p>\n","protected":false},"excerpt":{"rendered":"<p>\u201cMichoac\u00e1n hoy tiene rumbo, avanza construyendo con representantes que si velamos por los m\u00e1s necesitados\u201d expres\u00f3 Seyra Anah\u00ed Alem\u00e1n Sierra durante la rendici\u00f3n de su Segundo Informe de Actividades Legislativas. Alem\u00e1n Sierra destac\u00f3 los resultados como presidenta de la Comisi\u00f3n de Hacienda y Deuda P\u00fablica, as\u00ed como integrante de la Comisi\u00f3n de Fortalecimiento Municipal y [&hellip;]<\/p>\n","protected":false},"author":2,"featured_media":49385,"comment_status":"open","ping_status":"open","sticky":false,"template":"","format":"standard","meta":{"om_disable_all_campaigns":false,"_monsterinsights_skip_tracking":false,"_monsterinsights_sitenote_active":false,"_monsterinsights_sitenote_note":"","_monsterinsights_sitenote_category":0,"_uf_show_specific_survey":0,"_uf_disable_surveys":false,"_jetpack_memberships_contains_paid_content":false,"footnotes":"","jetpack_publicize_message":"Rinde diputada Seyra Alem\u00e1n su Segundo Informe Legislativo","jetpack_publicize_feature_enabled":true,"jetpack_social_post_already_shared":true,"jetpack_social_options":{"image_generator_settings":{"template":"highway","default_image_id":0,"enabled":false},"version":2}},"categories":[15],"tags":[],"class_list":{"0":"post-49384","1":"post","2":"type-post","3":"status-publish","4":"format-standard","5":"has-post-thumbnail","7":"category-michoacan"},"aioseo_notices":[],"jetpack_publicize_connections":[],"jetpack_featured_media_url":"https:\/\/mediagroup.mx\/wp-content\/uploads\/2023\/09\/f36f0fde-b1dd-4e5d-bfe1-a723650395bf.jpeg","jetpack_sharing_enabled":true,"_links":{"self":[{"href":"https:\/\/mediagroup.mx\/index.php\/wp-json\/wp\/v2\/posts\/49384","targetHints":{"allow":["GET"]}}],"collection":[{"href":"https:\/\/mediagroup.mx\/index.php\/wp-json\/wp\/v2\/posts"}],"about":[{"href":"https:\/\/mediagroup.mx\/index.php\/wp-json\/wp\/v2\/types\/post"}],"author":[{"embeddable":true,"href":"https:\/\/mediagroup.mx\/index.php\/wp-json\/wp\/v2\/users\/2"}],"replies":[{"embeddable":true,"href":"https:\/\/mediagroup.mx\/index.php\/wp-json\/wp\/v2\/comments?post=49384"}],"version-history":[{"count":1,"href":"https:\/\/mediagroup.mx\/index.php\/wp-json\/wp\/v2\/posts\/49384\/revisions"}],"predecessor-version":[{"id":49386,"href":"https:\/\/mediagroup.mx\/index.php\/wp-json\/wp\/v2\/posts\/49384\/revisions\/49386"}],"wp:featuredmedia":[{"embeddable":true,"href":"https:\/\/mediagroup.mx\/index.php\/wp-json\/wp\/v2\/media\/49385"}],"wp:attachment":[{"href":"https:\/\/mediagroup.mx\/index.php\/wp-json\/wp\/v2\/media?parent=49384"}],"wp:term":[{"taxonomy":"category","embeddable":true,"href":"https:\/\/mediagroup.mx\/index.php\/wp-json\/wp\/v2\/categories?post=49384"},{"taxonomy":"post_tag","embeddable":true,"href":"https:\/\/mediagroup.mx\/index.php\/wp-json\/wp\/v2\/tags?post=49384"}],"curies":[{"name":"wp","href":"https:\/\/api.w.org\/{rel}","templated":true}]}}