{"id":49390,"date":"2023-09-25T21:39:24","date_gmt":"2023-09-25T21:39:24","guid":{"rendered":"https:\/\/mediagroup.mx\/?p=49390"},"modified":"2023-09-25T21:39:24","modified_gmt":"2023-09-25T21:39:24","slug":"alcaldesa-de-cotija-ya-habia-sido-amenazada-expone-marko-cortes","status":"publish","type":"post","link":"https:\/\/mediagroup.mx\/index.php\/2023\/09\/25\/alcaldesa-de-cotija-ya-habia-sido-amenazada-expone-marko-cortes\/","title":{"rendered":"Alcaldesa de Cotija ya hab\u00eda sido amenazada, expone Marko Cort\u00e9s"},"content":{"rendered":"<p style=\"text-align: justify;\">El dirigente nacional del Partido Acci\u00f3n Nacional (PAN), Marko Cort\u00e9s Mendoza, asegur\u00f3 que la alcaldesa de Cotija, Yolanda S\u00e1nchez Figueroa, fue \u201clevantada\u201d por el crimen organizado y asoci\u00f3 el hecho a amenazas que ya hab\u00eda recibido en su contra.<\/p>\n<p style=\"text-align: justify;\">De acuerdo con el l\u00edder nacional panista, la presidenta municipal fue privada de su libertad por un grupo de la delincuencia organizada cuando acudi\u00f3 a la ciudad de Zapopan en el estado de Jalisco.<\/p>\n<p style=\"text-align: justify;\">Asimismo, Marko Cort\u00e9s afirm\u00f3 que la presidenta de Cotija ya hab\u00eda recibido amenazas en su contra y exigi\u00f3 al gobierno federal investigar su secuestro y devolver con vida a la alcaldesa.<\/p>\n<p>Por: Oscar Mendoza<\/p>\n","protected":false},"excerpt":{"rendered":"<p>El dirigente nacional del Partido Acci\u00f3n Nacional (PAN), Marko Cort\u00e9s Mendoza, asegur\u00f3 que la alcaldesa de Cotija, Yolanda S\u00e1nchez Figueroa, fue \u201clevantada\u201d por el crimen organizado y asoci\u00f3 el hecho a amenazas que ya hab\u00eda recibido en su contra. De acuerdo con el l\u00edder nacional panista, la presidenta municipal fue privada de su libertad por [&hellip;]<\/p>\n","protected":false},"author":2,"featured_media":49391,"comment_status":"open","ping_status":"open","sticky":false,"template":"","format":"standard","meta":{"om_disable_all_campaigns":false,"_monsterinsights_skip_tracking":false,"_monsterinsights_sitenote_active":false,"_monsterinsights_sitenote_note":"","_monsterinsights_sitenote_category":0,"_uf_show_specific_survey":0,"_uf_disable_surveys":false,"_jetpack_memberships_contains_paid_content":false,"footnotes":"","jetpack_publicize_message":"Alcaldesa de Cotija ya hab\u00eda sido amenazada, expone Marko Cort\u00e9s","jetpack_publicize_feature_enabled":true,"jetpack_social_post_already_shared":true,"jetpack_social_options":{"image_generator_settings":{"template":"highway","default_image_id":0,"enabled":false},"version":2}},"categories":[24],"tags":[],"class_list":{"0":"post-49390","1":"post","2":"type-post","3":"status-publish","4":"format-standard","5":"has-post-thumbnail","7":"category-seguridad"},"aioseo_notices":[],"jetpack_publicize_connections":[],"jetpack_featured_media_url":"https:\/\/mediagroup.mx\/wp-content\/uploads\/2023\/09\/WhatsApp-Image-2023-09-25-at-2.35.03-PM.jpeg","jetpack_sharing_enabled":true,"_links":{"self":[{"href":"https:\/\/mediagroup.mx\/index.php\/wp-json\/wp\/v2\/posts\/49390","targetHints":{"allow":["GET"]}}],"collection":[{"href":"https:\/\/mediagroup.mx\/index.php\/wp-json\/wp\/v2\/posts"}],"about":[{"href":"https:\/\/mediagroup.mx\/index.php\/wp-json\/wp\/v2\/types\/post"}],"author":[{"embeddable":true,"href":"https:\/\/mediagroup.mx\/index.php\/wp-json\/wp\/v2\/users\/2"}],"replies":[{"embeddable":true,"href":"https:\/\/mediagroup.mx\/index.php\/wp-json\/wp\/v2\/comments?post=49390"}],"version-history":[{"count":1,"href":"https:\/\/mediagroup.mx\/index.php\/wp-json\/wp\/v2\/posts\/49390\/revisions"}],"predecessor-version":[{"id":49392,"href":"https:\/\/mediagroup.mx\/index.php\/wp-json\/wp\/v2\/posts\/49390\/revisions\/49392"}],"wp:featuredmedia":[{"embeddable":true,"href":"https:\/\/mediagroup.mx\/index.php\/wp-json\/wp\/v2\/media\/49391"}],"wp:attachment":[{"href":"https:\/\/mediagroup.mx\/index.php\/wp-json\/wp\/v2\/media?parent=49390"}],"wp:term":[{"taxonomy":"category","embeddable":true,"href":"https:\/\/mediagroup.mx\/index.php\/wp-json\/wp\/v2\/categories?post=49390"},{"taxonomy":"post_tag","embeddable":true,"href":"https:\/\/mediagroup.mx\/index.php\/wp-json\/wp\/v2\/tags?post=49390"}],"curies":[{"name":"wp","href":"https:\/\/api.w.org\/{rel}","templated":true}]}}