{"id":49559,"date":"2023-10-03T22:59:01","date_gmt":"2023-10-03T22:59:01","guid":{"rendered":"https:\/\/mediagroup.mx\/?p=49559"},"modified":"2023-10-03T22:59:01","modified_gmt":"2023-10-03T22:59:01","slug":"plan-morelos-recabo-100-mil-propuestas-ciudadanas-en-septiembre","status":"publish","type":"post","link":"https:\/\/mediagroup.mx\/index.php\/2023\/10\/03\/plan-morelos-recabo-100-mil-propuestas-ciudadanas-en-septiembre\/","title":{"rendered":"Plan Morelos recab\u00f3 100 mil propuestas ciudadanas en septiembre"},"content":{"rendered":"<p>Un total de cien mil propuestas ciudadanas, fueron recabadas durante el mes de septiembre para la construcci\u00f3n del Plan Morelos propuesta por el gobernador Alfredo Ram\u00edrez Bedolla, inform\u00f3 la Secretar\u00eda del Bienestar del estado (Sedebi).<\/p>\n<p>En un comunicado, la dependencia record\u00f3 que de 1 al 30 de septiembre, se instalaron en 103 plazas p\u00fablicas de todo el estado mesas de receptoras para recoger el sentir de las y los michoacanos en temas referentes a derechos humanos, civiles, pol\u00edticos, econ\u00f3micos, sociales, culturales y ambientales que servir\u00e1n para impulsar reformas y cambios jur\u00eddicos y constitucionales.<\/p>\n<p>Asimismo, la titular de la Sedebi, Giulianna Bugarini Torres explic\u00f3 que las propuestas recabadas ser\u00e1n las mismas que se incluir\u00e1n en las modificaciones constitucionales, a fin de actualizar las pol\u00edticas p\u00fablicas para atender las necesidades actuales de la poblaci\u00f3n y mejorar la calidad de vida de las y los michoacanos.<\/p>\n<p>De igual modo, detall\u00f3 que para la construcci\u00f3n de la agenda com\u00fan basada en las necesidades de la poblaci\u00f3n michoacana, tambi\u00e9n se recabaron propuestas a trav\u00e9s de la plataforma digital www.michoacan.gob.mx\/plan-morelos y donde se pueden conocer los avances del Plan Morelos.<\/p>\n<p>Por \u00faltimo, la funcionaria reiter\u00f3 que con el Plan Morelos, \u201cse propone al pa\u00eds el tr\u00e1nsito hacia la Cuarta Rep\u00fablica, que implicar\u00eda la construcci\u00f3n de un Estado socialmente ampliado, pluricultural, ambientalmente responsable y que vendr\u00eda a ser el siguiente paso en los gobiernos emanados de la Cuarta Transformaci\u00f3n\u201d.<\/p>\n<p>Por: Oscar Mendoza<\/p>\n","protected":false},"excerpt":{"rendered":"<p>Un total de cien mil propuestas ciudadanas, fueron recabadas durante el mes de septiembre para la construcci\u00f3n del Plan Morelos propuesta por el gobernador Alfredo Ram\u00edrez Bedolla, inform\u00f3 la Secretar\u00eda del Bienestar del estado (Sedebi). En un comunicado, la dependencia record\u00f3 que de 1 al 30 de septiembre, se instalaron en 103 plazas p\u00fablicas de [&hellip;]<\/p>\n","protected":false},"author":2,"featured_media":49560,"comment_status":"open","ping_status":"open","sticky":false,"template":"","format":"standard","meta":{"om_disable_all_campaigns":false,"_monsterinsights_skip_tracking":false,"_monsterinsights_sitenote_active":false,"_monsterinsights_sitenote_note":"","_monsterinsights_sitenote_category":0,"_uf_show_specific_survey":0,"_uf_disable_surveys":false,"_jetpack_memberships_contains_paid_content":false,"footnotes":"","jetpack_publicize_message":"Plan Morelos recab\u00f3 100 mil propuestas ciudadanas en septiembre","jetpack_publicize_feature_enabled":true,"jetpack_social_post_already_shared":true,"jetpack_social_options":{"image_generator_settings":{"template":"highway","default_image_id":0,"enabled":false},"version":2}},"categories":[15],"tags":[],"class_list":{"0":"post-49559","1":"post","2":"type-post","3":"status-publish","4":"format-standard","5":"has-post-thumbnail","7":"category-michoacan"},"aioseo_notices":[],"jetpack_publicize_connections":[],"jetpack_featured_media_url":"https:\/\/mediagroup.mx\/wp-content\/uploads\/2023\/10\/62cd37bb-cf20-42f7-8393-0df1c546e09d.jpeg","jetpack_sharing_enabled":true,"_links":{"self":[{"href":"https:\/\/mediagroup.mx\/index.php\/wp-json\/wp\/v2\/posts\/49559","targetHints":{"allow":["GET"]}}],"collection":[{"href":"https:\/\/mediagroup.mx\/index.php\/wp-json\/wp\/v2\/posts"}],"about":[{"href":"https:\/\/mediagroup.mx\/index.php\/wp-json\/wp\/v2\/types\/post"}],"author":[{"embeddable":true,"href":"https:\/\/mediagroup.mx\/index.php\/wp-json\/wp\/v2\/users\/2"}],"replies":[{"embeddable":true,"href":"https:\/\/mediagroup.mx\/index.php\/wp-json\/wp\/v2\/comments?post=49559"}],"version-history":[{"count":1,"href":"https:\/\/mediagroup.mx\/index.php\/wp-json\/wp\/v2\/posts\/49559\/revisions"}],"predecessor-version":[{"id":49561,"href":"https:\/\/mediagroup.mx\/index.php\/wp-json\/wp\/v2\/posts\/49559\/revisions\/49561"}],"wp:featuredmedia":[{"embeddable":true,"href":"https:\/\/mediagroup.mx\/index.php\/wp-json\/wp\/v2\/media\/49560"}],"wp:attachment":[{"href":"https:\/\/mediagroup.mx\/index.php\/wp-json\/wp\/v2\/media?parent=49559"}],"wp:term":[{"taxonomy":"category","embeddable":true,"href":"https:\/\/mediagroup.mx\/index.php\/wp-json\/wp\/v2\/categories?post=49559"},{"taxonomy":"post_tag","embeddable":true,"href":"https:\/\/mediagroup.mx\/index.php\/wp-json\/wp\/v2\/tags?post=49559"}],"curies":[{"name":"wp","href":"https:\/\/api.w.org\/{rel}","templated":true}]}}