{"id":49562,"date":"2023-10-03T23:00:13","date_gmt":"2023-10-03T23:00:13","guid":{"rendered":"https:\/\/mediagroup.mx\/?p=49562"},"modified":"2023-10-03T23:00:13","modified_gmt":"2023-10-03T23:00:13","slug":"plantel-del-icatmi-en-villas-del-pedregal-estara-listo-en-diciembre-adelanta-directora","status":"publish","type":"post","link":"https:\/\/mediagroup.mx\/index.php\/2023\/10\/03\/plantel-del-icatmi-en-villas-del-pedregal-estara-listo-en-diciembre-adelanta-directora\/","title":{"rendered":"Plantel del ICATMI en Villas del Pedregal estar\u00e1 listo en diciembre, adelanta directora"},"content":{"rendered":"<p>La directora general del Instituto de Capacitaci\u00f3n para el Trabajo del Estado de Michoac\u00e1n (ICATMI), Paula Espinosa Barrientos, adelant\u00f3 que para diciembre de este 2023, quedar\u00e1 concluida la obra para el nuevo plantel del Instituto en Villas del Pedregal.<\/p>\n<p>De acuerdo con la funcionaria, ser\u00e1 para finales de este a\u00f1o, cuando qued\u00e9 concluida la construcci\u00f3n del plantel ICATMI en ese punto de la capital michoacana y la cual arranc\u00f3 hace poco m\u00e1s de dos meses.<\/p>\n<p>Asimismo, detall\u00f3 que en este plantel se ofrecer\u00e1n cursos novedosos como el de manejo y operaci\u00f3n de veh\u00edculos de transporte de carga pues Michoac\u00e1n requiere capacitar a las y los trabajadores de industrias en constante crecimiento como el autotransporte y transporte de mercanc\u00edas.<\/p>\n<p>Por: Oscar Mendoza<\/p>\n","protected":false},"excerpt":{"rendered":"<p>La directora general del Instituto de Capacitaci\u00f3n para el Trabajo del Estado de Michoac\u00e1n (ICATMI), Paula Espinosa Barrientos, adelant\u00f3 que para diciembre de este 2023, quedar\u00e1 concluida la obra para el nuevo plantel del Instituto en Villas del Pedregal. De acuerdo con la funcionaria, ser\u00e1 para finales de este a\u00f1o, cuando qued\u00e9 concluida la construcci\u00f3n [&hellip;]<\/p>\n","protected":false},"author":2,"featured_media":49563,"comment_status":"open","ping_status":"open","sticky":false,"template":"","format":"standard","meta":{"om_disable_all_campaigns":false,"_monsterinsights_skip_tracking":false,"_monsterinsights_sitenote_active":false,"_monsterinsights_sitenote_note":"","_monsterinsights_sitenote_category":0,"_uf_show_specific_survey":0,"_uf_disable_surveys":false,"_jetpack_memberships_contains_paid_content":false,"footnotes":"","jetpack_publicize_message":"Plantel del ICATMI en Villas del Pedregal estar\u00e1 listo en diciembre, adelanta directora","jetpack_publicize_feature_enabled":true,"jetpack_social_post_already_shared":true,"jetpack_social_options":{"image_generator_settings":{"template":"highway","default_image_id":0,"enabled":false},"version":2}},"categories":[22],"tags":[],"class_list":{"0":"post-49562","1":"post","2":"type-post","3":"status-publish","4":"format-standard","5":"has-post-thumbnail","7":"category-educacion"},"aioseo_notices":[],"jetpack_publicize_connections":[],"jetpack_featured_media_url":"https:\/\/mediagroup.mx\/wp-content\/uploads\/2023\/10\/eb56e623-f044-4506-bd99-672877977e4c.jpeg","jetpack_sharing_enabled":true,"_links":{"self":[{"href":"https:\/\/mediagroup.mx\/index.php\/wp-json\/wp\/v2\/posts\/49562","targetHints":{"allow":["GET"]}}],"collection":[{"href":"https:\/\/mediagroup.mx\/index.php\/wp-json\/wp\/v2\/posts"}],"about":[{"href":"https:\/\/mediagroup.mx\/index.php\/wp-json\/wp\/v2\/types\/post"}],"author":[{"embeddable":true,"href":"https:\/\/mediagroup.mx\/index.php\/wp-json\/wp\/v2\/users\/2"}],"replies":[{"embeddable":true,"href":"https:\/\/mediagroup.mx\/index.php\/wp-json\/wp\/v2\/comments?post=49562"}],"version-history":[{"count":1,"href":"https:\/\/mediagroup.mx\/index.php\/wp-json\/wp\/v2\/posts\/49562\/revisions"}],"predecessor-version":[{"id":49564,"href":"https:\/\/mediagroup.mx\/index.php\/wp-json\/wp\/v2\/posts\/49562\/revisions\/49564"}],"wp:featuredmedia":[{"embeddable":true,"href":"https:\/\/mediagroup.mx\/index.php\/wp-json\/wp\/v2\/media\/49563"}],"wp:attachment":[{"href":"https:\/\/mediagroup.mx\/index.php\/wp-json\/wp\/v2\/media?parent=49562"}],"wp:term":[{"taxonomy":"category","embeddable":true,"href":"https:\/\/mediagroup.mx\/index.php\/wp-json\/wp\/v2\/categories?post=49562"},{"taxonomy":"post_tag","embeddable":true,"href":"https:\/\/mediagroup.mx\/index.php\/wp-json\/wp\/v2\/tags?post=49562"}],"curies":[{"name":"wp","href":"https:\/\/api.w.org\/{rel}","templated":true}]}}