{"id":49599,"date":"2023-10-05T00:39:34","date_gmt":"2023-10-05T00:39:34","guid":{"rendered":"https:\/\/mediagroup.mx\/?p=49599"},"modified":"2023-10-05T00:39:34","modified_gmt":"2023-10-05T00:39:34","slug":"este-domingo-la-decima-carrera-nicolaita-aun-te-puedes-inscribir","status":"publish","type":"post","link":"https:\/\/mediagroup.mx\/index.php\/2023\/10\/05\/este-domingo-la-decima-carrera-nicolaita-aun-te-puedes-inscribir\/","title":{"rendered":"Este domingo, la d\u00e9cima Carrera Nicolaita; a\u00fan te puedes inscribir"},"content":{"rendered":"<p>Este domingo 8 de octubre se llevar\u00e1 a cabo la d\u00e9cima Carrera Nicolaita, que comenzar\u00e1 a las 8:00 horas y partir\u00e1 desde el Estadio de Ciudad Universitaria. Las inscripciones para la comunidad estudiantil, docente y administrativa as\u00ed como para el p\u00fablico en general son a trav\u00e9s del portal: www1.marcate.com.mx<\/p>\n<p>El secretario de Difusi\u00f3n Cultural y Extensi\u00f3n Universitaria, Miguel \u00c1ngel Villa \u00c1lvarez, comparti\u00f3 que est\u00e1n dadas las condiciones para que se lleve a cabo este escaparate deportivo, en donde se prev\u00e9 una gran participaci\u00f3n.<\/p>\n<p>Ser\u00e1n 5 kil\u00f3metros de la ruta, la cual contempla la salida desde el Estadio de Ciudad Universitaria, dar\u00e1 vuelta a la derecha por calzada La Huerta, tomar\u00e1 la calle General Francisco J. M\u00fagica hasta la calzada Ju\u00e1rez, y posteriormente avenida Universidad hasta calzada La Huerta, para ingresar nuevamente al punto de partida.<\/p>\n<p>El funcionario inform\u00f3 que tambi\u00e9n estar\u00e1n inscribiendo f\u00edsicamente a partir de este mi\u00e9rcoles 4 de octubre, en el Gimnasio de Usos M\u00faltiples, ubicado en Ciudad Universitaria por lo que hace la cordial invitaci\u00f3n para que se sumen a esta actividad que se tiene contemplada, en el marco del 106 aniversario de la M\u00e1xima Casa de Estudios.<\/p>\n<p>Se prev\u00e9 que previo a arrancar la ruta, realicen actividades de calentamiento en el interior del Estadio de la UMSNH.<\/p>\n","protected":false},"excerpt":{"rendered":"<p>Este domingo 8 de octubre se llevar\u00e1 a cabo la d\u00e9cima Carrera Nicolaita, que comenzar\u00e1 a las 8:00 horas y partir\u00e1 desde el Estadio de Ciudad Universitaria. Las inscripciones para la comunidad estudiantil, docente y administrativa as\u00ed como para el p\u00fablico en general son a trav\u00e9s del portal: www1.marcate.com.mx El secretario de Difusi\u00f3n Cultural y [&hellip;]<\/p>\n","protected":false},"author":2,"featured_media":49600,"comment_status":"open","ping_status":"open","sticky":false,"template":"","format":"standard","meta":{"om_disable_all_campaigns":false,"_monsterinsights_skip_tracking":false,"_monsterinsights_sitenote_active":false,"_monsterinsights_sitenote_note":"","_monsterinsights_sitenote_category":0,"_uf_show_specific_survey":0,"_uf_disable_surveys":false,"_jetpack_memberships_contains_paid_content":false,"footnotes":"","jetpack_publicize_message":"Este domingo, la d\u00e9cima Carrera Nicolaita; a\u00fan te puedes inscribir","jetpack_publicize_feature_enabled":true,"jetpack_social_post_already_shared":true,"jetpack_social_options":{"image_generator_settings":{"template":"highway","default_image_id":0,"enabled":false},"version":2}},"categories":[19,22],"tags":[],"class_list":{"0":"post-49599","1":"post","2":"type-post","3":"status-publish","4":"format-standard","5":"has-post-thumbnail","7":"category-deportes","8":"category-educacion"},"aioseo_notices":[],"jetpack_publicize_connections":[],"jetpack_featured_media_url":"https:\/\/mediagroup.mx\/wp-content\/uploads\/2023\/10\/00878b30-c9ef-482a-9b6a-645849ecbd2c.jpeg","jetpack_sharing_enabled":true,"_links":{"self":[{"href":"https:\/\/mediagroup.mx\/index.php\/wp-json\/wp\/v2\/posts\/49599","targetHints":{"allow":["GET"]}}],"collection":[{"href":"https:\/\/mediagroup.mx\/index.php\/wp-json\/wp\/v2\/posts"}],"about":[{"href":"https:\/\/mediagroup.mx\/index.php\/wp-json\/wp\/v2\/types\/post"}],"author":[{"embeddable":true,"href":"https:\/\/mediagroup.mx\/index.php\/wp-json\/wp\/v2\/users\/2"}],"replies":[{"embeddable":true,"href":"https:\/\/mediagroup.mx\/index.php\/wp-json\/wp\/v2\/comments?post=49599"}],"version-history":[{"count":1,"href":"https:\/\/mediagroup.mx\/index.php\/wp-json\/wp\/v2\/posts\/49599\/revisions"}],"predecessor-version":[{"id":49601,"href":"https:\/\/mediagroup.mx\/index.php\/wp-json\/wp\/v2\/posts\/49599\/revisions\/49601"}],"wp:featuredmedia":[{"embeddable":true,"href":"https:\/\/mediagroup.mx\/index.php\/wp-json\/wp\/v2\/media\/49600"}],"wp:attachment":[{"href":"https:\/\/mediagroup.mx\/index.php\/wp-json\/wp\/v2\/media?parent=49599"}],"wp:term":[{"taxonomy":"category","embeddable":true,"href":"https:\/\/mediagroup.mx\/index.php\/wp-json\/wp\/v2\/categories?post=49599"},{"taxonomy":"post_tag","embeddable":true,"href":"https:\/\/mediagroup.mx\/index.php\/wp-json\/wp\/v2\/tags?post=49599"}],"curies":[{"name":"wp","href":"https:\/\/api.w.org\/{rel}","templated":true}]}}