{"id":49602,"date":"2023-10-05T00:40:50","date_gmt":"2023-10-05T00:40:50","guid":{"rendered":"https:\/\/mediagroup.mx\/?p=49602"},"modified":"2023-10-05T00:40:50","modified_gmt":"2023-10-05T00:40:50","slug":"75-legislatura-trabaja-sin-precedente-en-el-cumplimiento-de-los-derechos-de-la-ninez-adriana-hernandez","status":"publish","type":"post","link":"https:\/\/mediagroup.mx\/index.php\/2023\/10\/05\/75-legislatura-trabaja-sin-precedente-en-el-cumplimiento-de-los-derechos-de-la-ninez-adriana-hernandez\/","title":{"rendered":"75 Legislatura trabaja sin precedente en el cumplimiento de los derechos de la ni\u00f1ez: Adriana Hern\u00e1ndez"},"content":{"rendered":"<p>La diputada Adriana Hern\u00e1ndez \u00cd\u00f1iguez, afirm\u00f3 que la creaci\u00f3n de la Comisi\u00f3n de Protecci\u00f3n de la Ni\u00f1ez y la Adolescencia en la 75 Legislatura, \u201cconstituy\u00f3 un avance sin precedente en el cumplimiento de los derechos de nuestras ni\u00f1as y ni\u00f1os en Michoac\u00e1n\u201d.<\/p>\n<p>En entrevista, al concluir una reuni\u00f3n de la mencionada Comisi\u00f3n, se\u00f1al\u00f3 que trabajan en pol\u00edticas p\u00fablicas que contribuyan a hacer eficiente la labor de todas las instituciones y del gasto p\u00fablico, que tienen impacto en este sector de la poblaci\u00f3n.<\/p>\n<p>\u201cHoy m\u00e1s que nunca, en el marco del COVID-19 y la creciente inseguridad que vivimos en M\u00e9xico y Michoac\u00e1n, la infancia y la adolescencia deben ser una prioridad del quehacer p\u00fablico, se debe garantizar su desarrollo integral y su bienestar presente y futuro\u201d, puntualiz\u00f3.<\/p>\n<p>La diputada priista, quien preside \u00e9sta Comisi\u00f3n, comparti\u00f3 que la primera etapa de vida de las personas, es clave para disminuir la desigualdad, romper el ciclo intergeneracional de la pobreza y promover la equidad de g\u00e9nero; por lo que es necesario que todas las ni\u00f1as, ni\u00f1os y adolescentes reciban las mismas oportunidades.<\/p>\n<p>Hern\u00e1ndez \u00cd\u00f1iguez coment\u00f3 que en conjunto con sus compa\u00f1eras diputadas Ivonne Pantoja Abascal y Guadalupe D\u00edaz Chagolla, iniciaron el \u00faltimo periodo legislativo con un gran compromiso de cara a los enormes retos para garantizar el pleno desarrollo de las y los ni\u00f1os y adolescentes michoacanos.<\/p>\n","protected":false},"excerpt":{"rendered":"<p>La diputada Adriana Hern\u00e1ndez \u00cd\u00f1iguez, afirm\u00f3 que la creaci\u00f3n de la Comisi\u00f3n de Protecci\u00f3n de la Ni\u00f1ez y la Adolescencia en la 75 Legislatura, \u201cconstituy\u00f3 un avance sin precedente en el cumplimiento de los derechos de nuestras ni\u00f1as y ni\u00f1os en Michoac\u00e1n\u201d. En entrevista, al concluir una reuni\u00f3n de la mencionada Comisi\u00f3n, se\u00f1al\u00f3 que trabajan [&hellip;]<\/p>\n","protected":false},"author":2,"featured_media":49603,"comment_status":"open","ping_status":"open","sticky":false,"template":"","format":"standard","meta":{"om_disable_all_campaigns":false,"_monsterinsights_skip_tracking":false,"_monsterinsights_sitenote_active":false,"_monsterinsights_sitenote_note":"","_monsterinsights_sitenote_category":0,"_uf_show_specific_survey":0,"_uf_disable_surveys":false,"_jetpack_memberships_contains_paid_content":false,"footnotes":"","jetpack_publicize_message":"75 Legislatura trabaja sin precedente en el cumplimiento de los derechos de la ni\u00f1ez: Adriana Hern\u00e1ndez","jetpack_publicize_feature_enabled":true,"jetpack_social_post_already_shared":true,"jetpack_social_options":{"image_generator_settings":{"template":"highway","default_image_id":0,"enabled":false},"version":2}},"categories":[15],"tags":[],"class_list":{"0":"post-49602","1":"post","2":"type-post","3":"status-publish","4":"format-standard","5":"has-post-thumbnail","7":"category-michoacan"},"aioseo_notices":[],"jetpack_publicize_connections":[],"jetpack_featured_media_url":"https:\/\/mediagroup.mx\/wp-content\/uploads\/2023\/10\/aad369c2-e6a8-44f2-9c40-cdb29d4ed14b.jpeg","jetpack_sharing_enabled":true,"_links":{"self":[{"href":"https:\/\/mediagroup.mx\/index.php\/wp-json\/wp\/v2\/posts\/49602","targetHints":{"allow":["GET"]}}],"collection":[{"href":"https:\/\/mediagroup.mx\/index.php\/wp-json\/wp\/v2\/posts"}],"about":[{"href":"https:\/\/mediagroup.mx\/index.php\/wp-json\/wp\/v2\/types\/post"}],"author":[{"embeddable":true,"href":"https:\/\/mediagroup.mx\/index.php\/wp-json\/wp\/v2\/users\/2"}],"replies":[{"embeddable":true,"href":"https:\/\/mediagroup.mx\/index.php\/wp-json\/wp\/v2\/comments?post=49602"}],"version-history":[{"count":1,"href":"https:\/\/mediagroup.mx\/index.php\/wp-json\/wp\/v2\/posts\/49602\/revisions"}],"predecessor-version":[{"id":49604,"href":"https:\/\/mediagroup.mx\/index.php\/wp-json\/wp\/v2\/posts\/49602\/revisions\/49604"}],"wp:featuredmedia":[{"embeddable":true,"href":"https:\/\/mediagroup.mx\/index.php\/wp-json\/wp\/v2\/media\/49603"}],"wp:attachment":[{"href":"https:\/\/mediagroup.mx\/index.php\/wp-json\/wp\/v2\/media?parent=49602"}],"wp:term":[{"taxonomy":"category","embeddable":true,"href":"https:\/\/mediagroup.mx\/index.php\/wp-json\/wp\/v2\/categories?post=49602"},{"taxonomy":"post_tag","embeddable":true,"href":"https:\/\/mediagroup.mx\/index.php\/wp-json\/wp\/v2\/tags?post=49602"}],"curies":[{"name":"wp","href":"https:\/\/api.w.org\/{rel}","templated":true}]}}