{"id":49605,"date":"2023-10-05T20:02:34","date_gmt":"2023-10-05T20:02:34","guid":{"rendered":"https:\/\/mediagroup.mx\/?p=49605"},"modified":"2023-10-05T20:02:34","modified_gmt":"2023-10-05T20:02:34","slug":"alfonso-martinez-celebra-nombramiento-de-elias-ibarra-como-secretario-de-gobierno","status":"publish","type":"post","link":"https:\/\/mediagroup.mx\/index.php\/2023\/10\/05\/alfonso-martinez-celebra-nombramiento-de-elias-ibarra-como-secretario-de-gobierno\/","title":{"rendered":"Alfonso Mart\u00ednez celebra nombramiento de El\u00edas Ibarra como secretario de Gobierno"},"content":{"rendered":"<p style=\"text-align: justify;\">El presidente municipal de Morelia, Alfonso Mart\u00ednez Alc\u00e1zar, celebr\u00f3 en entrevista colectiva la designaci\u00f3n de El\u00edas Ibarra Torres como nuevo secretario de Gobierno del Estado de Michoac\u00e1n, luego de que Carlos Torres Pi\u00f1a renunciara con miras al 2024; calific\u00f3 Mart\u00ednez Alc\u00e1zar a quien era secretario de Salud como alguien con capacidad de di\u00e1logo y experiencia pol\u00edtica.<\/p>\n<p style=\"text-align: justify;\">Asimismo, agreg\u00f3 que es un puesto en el que se requiere una gran habilidad por la complejidad de la entidad, pero le augur\u00f3 un buen trabajo.<\/p>\n<p style=\"text-align: justify;\">Por otro lado, sobre las aspiraciones electorales de los actores p\u00fablicos, pidi\u00f3 se esperen al 2024, pues ve mucho nerviosismo en MORENA por anticipar los procesos.<\/p>\n<p>Por: Jes\u00fas Gonz\u00e1lez<\/p>\n","protected":false},"excerpt":{"rendered":"<p>El presidente municipal de Morelia, Alfonso Mart\u00ednez Alc\u00e1zar, celebr\u00f3 en entrevista colectiva la designaci\u00f3n de El\u00edas Ibarra Torres como nuevo secretario de Gobierno del Estado de Michoac\u00e1n, luego de que Carlos Torres Pi\u00f1a renunciara con miras al 2024; calific\u00f3 Mart\u00ednez Alc\u00e1zar a quien era secretario de Salud como alguien con capacidad de di\u00e1logo y experiencia [&hellip;]<\/p>\n","protected":false},"author":2,"featured_media":49606,"comment_status":"open","ping_status":"open","sticky":false,"template":"","format":"standard","meta":{"om_disable_all_campaigns":false,"_monsterinsights_skip_tracking":false,"_monsterinsights_sitenote_active":false,"_monsterinsights_sitenote_note":"","_monsterinsights_sitenote_category":0,"_uf_show_specific_survey":0,"_uf_disable_surveys":false,"_jetpack_memberships_contains_paid_content":false,"footnotes":"","jetpack_publicize_message":"Alfonso Mart\u00ednez celebra nombramiento de El\u00edas Ibarra como secretario de Gobierno","jetpack_publicize_feature_enabled":true,"jetpack_social_post_already_shared":true,"jetpack_social_options":{"image_generator_settings":{"template":"highway","default_image_id":0,"enabled":false},"version":2}},"categories":[17],"tags":[],"class_list":{"0":"post-49605","1":"post","2":"type-post","3":"status-publish","4":"format-standard","5":"has-post-thumbnail","7":"category-morelia"},"aioseo_notices":[],"jetpack_publicize_connections":[],"jetpack_featured_media_url":"https:\/\/mediagroup.mx\/wp-content\/uploads\/2023\/10\/WhatsApp-Image-2023-10-05-at-2.38.00-PM.jpeg","jetpack_sharing_enabled":true,"_links":{"self":[{"href":"https:\/\/mediagroup.mx\/index.php\/wp-json\/wp\/v2\/posts\/49605","targetHints":{"allow":["GET"]}}],"collection":[{"href":"https:\/\/mediagroup.mx\/index.php\/wp-json\/wp\/v2\/posts"}],"about":[{"href":"https:\/\/mediagroup.mx\/index.php\/wp-json\/wp\/v2\/types\/post"}],"author":[{"embeddable":true,"href":"https:\/\/mediagroup.mx\/index.php\/wp-json\/wp\/v2\/users\/2"}],"replies":[{"embeddable":true,"href":"https:\/\/mediagroup.mx\/index.php\/wp-json\/wp\/v2\/comments?post=49605"}],"version-history":[{"count":1,"href":"https:\/\/mediagroup.mx\/index.php\/wp-json\/wp\/v2\/posts\/49605\/revisions"}],"predecessor-version":[{"id":49607,"href":"https:\/\/mediagroup.mx\/index.php\/wp-json\/wp\/v2\/posts\/49605\/revisions\/49607"}],"wp:featuredmedia":[{"embeddable":true,"href":"https:\/\/mediagroup.mx\/index.php\/wp-json\/wp\/v2\/media\/49606"}],"wp:attachment":[{"href":"https:\/\/mediagroup.mx\/index.php\/wp-json\/wp\/v2\/media?parent=49605"}],"wp:term":[{"taxonomy":"category","embeddable":true,"href":"https:\/\/mediagroup.mx\/index.php\/wp-json\/wp\/v2\/categories?post=49605"},{"taxonomy":"post_tag","embeddable":true,"href":"https:\/\/mediagroup.mx\/index.php\/wp-json\/wp\/v2\/tags?post=49605"}],"curies":[{"name":"wp","href":"https:\/\/api.w.org\/{rel}","templated":true}]}}