{"id":49611,"date":"2023-10-05T20:04:50","date_gmt":"2023-10-05T20:04:50","guid":{"rendered":"https:\/\/mediagroup.mx\/?p=49611"},"modified":"2023-10-05T20:04:50","modified_gmt":"2023-10-05T20:04:50","slug":"se-suman-politicos-afines-a-marcelo-ebrard-en-michoacan-a-las-filas-de-claudia-sheinbaum","status":"publish","type":"post","link":"https:\/\/mediagroup.mx\/index.php\/2023\/10\/05\/se-suman-politicos-afines-a-marcelo-ebrard-en-michoacan-a-las-filas-de-claudia-sheinbaum\/","title":{"rendered":"Se suman pol\u00edticos afines a Marcelo Ebrard en Michoac\u00e1n a las filas de Claudia Sheinbaum"},"content":{"rendered":"<p style=\"text-align: justify;\">Diversos liderazgos en Michoac\u00e1n simpatizantes del exsecretario de Relaciones Exteriores, Marcelo Ebrard, y quienes lo apoyaron durante el proceso interno del Movimiento Regeneraci\u00f3n Nacional (MOREN) para elegir al coordinador de los comit\u00e9s en defensa de la Cuarta Transformaci\u00f3n, unieron filas en torno a Claudia Sheinbaum, e indiciaron que no acompa\u00f1ar\u00e1n al excanciller en sus ambiciones personales.<\/p>\n<p style=\"text-align: justify;\">El diputado Juan Carlos Barrag\u00e1n V\u00e9lez se\u00f1al\u00f3 que, si bien existe la simpat\u00eda con la figura de Marcelo Ebrard, lo primordial es el proyecto de transformaci\u00f3n del pa\u00eds encabezado por el presidente Andr\u00e9s Manuel L\u00f3pez Obrador, por lo que no acompa\u00f1ar\u00e1n a Ebrard en su intento por \u201cdinamitar el partido\u201d.<\/p>\n<p style=\"text-align: justify;\">Asimismo, la diputada Julieta Garc\u00eda Zepeda apunt\u00f3 que lo importante es la unidad en el partido, por lo que desde L\u00e1zaro C\u00e1rdenas apoyar\u00e1n a Claudia Sheinbaum.<\/p>\n<p style=\"text-align: justify;\">Por su parte, el dirigente del Partido MORENA en Michoac\u00e1n, Juan Pablo Celis, se\u00f1al\u00f3 que este anuncio por parte de los simpatizantes de Marcelo Ebrard en donde anteponen el movimiento a los intereses personales es muestra de congruencia con la Cuarta Transformaci\u00f3n.<\/p>\n<p>Por: Miguel Santos<\/p>\n","protected":false},"excerpt":{"rendered":"<p>Diversos liderazgos en Michoac\u00e1n simpatizantes del exsecretario de Relaciones Exteriores, Marcelo Ebrard, y quienes lo apoyaron durante el proceso interno del Movimiento Regeneraci\u00f3n Nacional (MOREN) para elegir al coordinador de los comit\u00e9s en defensa de la Cuarta Transformaci\u00f3n, unieron filas en torno a Claudia Sheinbaum, e indiciaron que no acompa\u00f1ar\u00e1n al excanciller en sus ambiciones [&hellip;]<\/p>\n","protected":false},"author":2,"featured_media":49612,"comment_status":"open","ping_status":"open","sticky":false,"template":"","format":"standard","meta":{"om_disable_all_campaigns":false,"_monsterinsights_skip_tracking":false,"_monsterinsights_sitenote_active":false,"_monsterinsights_sitenote_note":"","_monsterinsights_sitenote_category":0,"_uf_show_specific_survey":0,"_uf_disable_surveys":false,"_jetpack_memberships_contains_paid_content":false,"footnotes":"","jetpack_publicize_message":"Se suman pol\u00edticos afines a Marcelo Ebrard en Michoac\u00e1n a las filas de Claudia Sheinbaum","jetpack_publicize_feature_enabled":true,"jetpack_social_post_already_shared":true,"jetpack_social_options":{"image_generator_settings":{"template":"highway","default_image_id":0,"enabled":false},"version":2}},"categories":[23],"tags":[],"class_list":{"0":"post-49611","1":"post","2":"type-post","3":"status-publish","4":"format-standard","5":"has-post-thumbnail","7":"category-nacional"},"aioseo_notices":[],"jetpack_publicize_connections":[],"jetpack_featured_media_url":"https:\/\/mediagroup.mx\/wp-content\/uploads\/2023\/10\/ADCtGM0f_400x400.jpeg","jetpack_sharing_enabled":true,"_links":{"self":[{"href":"https:\/\/mediagroup.mx\/index.php\/wp-json\/wp\/v2\/posts\/49611","targetHints":{"allow":["GET"]}}],"collection":[{"href":"https:\/\/mediagroup.mx\/index.php\/wp-json\/wp\/v2\/posts"}],"about":[{"href":"https:\/\/mediagroup.mx\/index.php\/wp-json\/wp\/v2\/types\/post"}],"author":[{"embeddable":true,"href":"https:\/\/mediagroup.mx\/index.php\/wp-json\/wp\/v2\/users\/2"}],"replies":[{"embeddable":true,"href":"https:\/\/mediagroup.mx\/index.php\/wp-json\/wp\/v2\/comments?post=49611"}],"version-history":[{"count":1,"href":"https:\/\/mediagroup.mx\/index.php\/wp-json\/wp\/v2\/posts\/49611\/revisions"}],"predecessor-version":[{"id":49613,"href":"https:\/\/mediagroup.mx\/index.php\/wp-json\/wp\/v2\/posts\/49611\/revisions\/49613"}],"wp:featuredmedia":[{"embeddable":true,"href":"https:\/\/mediagroup.mx\/index.php\/wp-json\/wp\/v2\/media\/49612"}],"wp:attachment":[{"href":"https:\/\/mediagroup.mx\/index.php\/wp-json\/wp\/v2\/media?parent=49611"}],"wp:term":[{"taxonomy":"category","embeddable":true,"href":"https:\/\/mediagroup.mx\/index.php\/wp-json\/wp\/v2\/categories?post=49611"},{"taxonomy":"post_tag","embeddable":true,"href":"https:\/\/mediagroup.mx\/index.php\/wp-json\/wp\/v2\/tags?post=49611"}],"curies":[{"name":"wp","href":"https:\/\/api.w.org\/{rel}","templated":true}]}}