{"id":49614,"date":"2023-10-05T20:07:34","date_gmt":"2023-10-05T20:07:34","guid":{"rendered":"https:\/\/mediagroup.mx\/?p=49614"},"modified":"2023-10-05T20:07:34","modified_gmt":"2023-10-05T20:07:34","slug":"blinken-llega-a-mexico-con-la-mision-de-frenar-crisis-migrante-y-de-fentanilo","status":"publish","type":"post","link":"https:\/\/mediagroup.mx\/index.php\/2023\/10\/05\/blinken-llega-a-mexico-con-la-mision-de-frenar-crisis-migrante-y-de-fentanilo\/","title":{"rendered":"Blinken llega a M\u00e9xico con la misi\u00f3n de frenar crisis migrante y de fentanilo"},"content":{"rendered":"<p class=\"default__StyledText-kkhi2r-0 cGAawy body-paragraph\" style=\"text-align: justify;\">El secretario de Estado de Estados Unidos,\u00a0<a href=\"https:\/\/www.elfinanciero.com.mx\/nacional\/2023\/08\/11\/jalon-de-orejas-o-visita-amistosa-blinken-visitara-mexico-en-octubre-para-reunion-de-seguridad\/\" target=\"_blank\" rel=\"noopener\">Antony Blinken, lleg\u00f3 este mi\u00e9rcoles 4 de octubre a M\u00e9xico\u00a0<\/a>para una visita de dos d\u00edas en la que se reunir\u00e1\u00a0<b>con el presidente Andr\u00e9s Manuel L\u00f3pez Obrador,<\/b>\u00a0as\u00ed como otras autoridades mexicanas para<a href=\"https:\/\/www.elfinanciero.com.mx\/nacional\/2023\/09\/29\/antony-blinken-y-otros-funcionarios-de-eu-visitaran-mexico-en-octubre-para-reunion-de-seguridad\/\" target=\"_blank\" rel=\"noopener\">\u00a0atender la crisis de fentanilo y de migraci\u00f3n que afectan a ambos pa\u00edses<\/a>.<\/p>\n<p class=\"default__StyledText-kkhi2r-0 cGAawy body-paragraph\" style=\"text-align: justify;\">El avi\u00f3n del jefe de la diplomacia estadounidense aterriz\u00f3 sobre las 16:45 horas en el Aeropuerto Internacional Felipe \u00c1ngeles (AIFA), a las afueras de Ciudad de M\u00e9xico,\u00a0<b>de las principales obras de infraestructura emblem\u00e1ticas<\/b>\u00a0del Gobierno de L\u00f3pez Obrador.<\/p>\n<p class=\"default__StyledText-kkhi2r-0 cGAawy body-paragraph\" style=\"text-align: justify;\">A su llegada fue recibido por el embajador de Estados Unidos en M\u00e9xico, Ken Salazar, as\u00ed como el embajador de M\u00e9xico en Estados Unidos, Esteban Moctezuma, con quienes<b>\u00a0intercambi\u00f3 abrazos y risas al aterrizar\u00a0<\/b>de su avi\u00f3n en el municipio de Zumpango, Estado de M\u00e9xico.<\/p>\n<p class=\"default__StyledText-kkhi2r-0 cGAawy body-paragraph\" style=\"text-align: justify;\"><a href=\"https:\/\/www.elfinanciero.com.mx\/mundo\/2023\/09\/06\/blinken-refuerza-apoyo-militar-a-ucrania-hay-progresos-en-contraofensiva-vs-rusia\/\" target=\"_blank\" rel=\"noopener\">Antony Blinken mantendr\u00e1 este mismo mi\u00e9rcoles una reuni\u00f3n\u00a0<\/a>sobre migraci\u00f3n<b>\u00a0con la secretaria de Relaciones Exteriores, Alicia B\u00e1rcena,<\/b>\u00a0en la que tambi\u00e9n participar\u00e1n de forma telem\u00e1tica los ministros de Exteriores de Colombia, \u00c1lvaro Leyva; y de Panam\u00e1, Janaina Tewaney.<\/p>\n<h2 class=\"heading__StyledHeading-sc-1yxtfv0-0 dQdSuo fi-aic_280\" style=\"text-align: justify;\">El 5 de octubre ser\u00e1 la reuni\u00f3n de Blinken y AMLO<\/h2>\n<p class=\"default__StyledText-kkhi2r-0 cGAawy body-paragraph\" style=\"text-align: justify;\">El jueves se celebrar\u00e1 el Di\u00e1logo de Alto Nivel sobre Seguridad entre el Gobierno mexicano y el estadounidense,\u00a0<b>donde el tr\u00e1fico de drogas y de armas, as\u00ed como la migraci\u00f3n<\/b>, estar\u00e1n sobre la mesa.<\/p>\n<p style=\"text-align: justify;\">Al concluir, se espera que Blinken y B\u00e1rcena\u00a0<b>ofrezcan una conferencia de prensa<\/b>, y posteriormente el secretario de Estado pondr\u00e1 fin a su visita con un encuentro con L\u00f3pez Obrador en el Palacio Nacional.<\/p>\n<p class=\"default__StyledText-kkhi2r-0 cGAawy body-paragraph\" style=\"text-align: justify;\">La Administraci\u00f3n del presidente estadounidense,\u00a0<a href=\"https:\/\/www.elfinanciero.com.mx\/mundo\/2023\/10\/02\/eu-truena-los-dedos-a-mexico-pide-detener-a-mas-narcos-y-destruir-laboratorios-de-fentanilo\/\" target=\"_blank\" rel=\"noopener\">Joe Biden, quiere que M\u00e9xico extradite a m\u00e1s narcotraficantes<\/a>\u00a0y\u00a0<b>desmantele m\u00e1s laboratorios clandestinos de fentanilo<\/b>, un potente opioide sint\u00e9tico que ha provocado cifras r\u00e9cord de muertes por sobredosis en Estados Unidos.<\/p>\n<p class=\"default__StyledText-kkhi2r-0 cGAawy body-paragraph\" style=\"text-align: justify;\">Adem\u00e1s, la visita tiene lugar despu\u00e9s de que la patrulla fronteriza estadounidense<b>\u00a0arrestara en agosto al mayor n\u00famero de indocumentados<\/b>\u00a0en lo que va de a\u00f1o.<\/p>\n<p class=\"default__StyledText-kkhi2r-0 cGAawy body-paragraph\" style=\"text-align: justify;\"><a href=\"https:\/\/www.elfinanciero.com.mx\/mundo\/2023\/06\/14\/antony-blinken-alista-viaje-a-china-para-aliviar-tensiones-con-estados-unidos\/\" target=\"_blank\" rel=\"noopener\">Blinken est\u00e1 acompa\u00f1ado por el secretario de Seguridad Nacional, Alejandro Mayorkas<\/a>; el fiscal general, Merrick Garland; y\u00a0<b>la asesora de Seguridad de la Casa Blanca, Liz Sherwood-Randall.<\/b><\/p>\n<p class=\"default__StyledText-kkhi2r-0 cGAawy body-paragraph\" style=\"text-align: justify;\">Tambi\u00e9n viajan el encargado del Departamento de Estado para Am\u00e9rica Latina,\u00a0<b>Brian Nichols<\/b>, as\u00ed como el jefe antinarc\u00f3ticos del mismo departamento, Todd Robinson.<\/p>\n<p>Con informaci\u00f3n de: El Financiero<\/p>\n","protected":false},"excerpt":{"rendered":"<p>El secretario de Estado de Estados Unidos,\u00a0Antony Blinken, lleg\u00f3 este mi\u00e9rcoles 4 de octubre a M\u00e9xico\u00a0para una visita de dos d\u00edas en la que se reunir\u00e1\u00a0con el presidente Andr\u00e9s Manuel L\u00f3pez Obrador,\u00a0as\u00ed como otras autoridades mexicanas para\u00a0atender la crisis de fentanilo y de migraci\u00f3n que afectan a ambos pa\u00edses. El avi\u00f3n del jefe de la [&hellip;]<\/p>\n","protected":false},"author":2,"featured_media":49615,"comment_status":"open","ping_status":"open","sticky":false,"template":"","format":"standard","meta":{"om_disable_all_campaigns":false,"_monsterinsights_skip_tracking":false,"_monsterinsights_sitenote_active":false,"_monsterinsights_sitenote_note":"","_monsterinsights_sitenote_category":0,"_uf_show_specific_survey":0,"_uf_disable_surveys":false,"_jetpack_memberships_contains_paid_content":false,"footnotes":"","jetpack_publicize_message":"Blinken llega a M\u00e9xico con la misi\u00f3n de frenar crisis migrante y de fentanilo","jetpack_publicize_feature_enabled":true,"jetpack_social_post_already_shared":true,"jetpack_social_options":{"image_generator_settings":{"template":"highway","default_image_id":0,"enabled":false},"version":2}},"categories":[18,23],"tags":[],"class_list":{"0":"post-49614","1":"post","2":"type-post","3":"status-publish","4":"format-standard","5":"has-post-thumbnail","7":"category-internacional","8":"category-nacional"},"aioseo_notices":[],"jetpack_publicize_connections":[],"jetpack_featured_media_url":"https:\/\/mediagroup.mx\/wp-content\/uploads\/2023\/10\/Captura-de-pantalla-2023-10-05-a-las-14.06.09.png","jetpack_sharing_enabled":true,"_links":{"self":[{"href":"https:\/\/mediagroup.mx\/index.php\/wp-json\/wp\/v2\/posts\/49614","targetHints":{"allow":["GET"]}}],"collection":[{"href":"https:\/\/mediagroup.mx\/index.php\/wp-json\/wp\/v2\/posts"}],"about":[{"href":"https:\/\/mediagroup.mx\/index.php\/wp-json\/wp\/v2\/types\/post"}],"author":[{"embeddable":true,"href":"https:\/\/mediagroup.mx\/index.php\/wp-json\/wp\/v2\/users\/2"}],"replies":[{"embeddable":true,"href":"https:\/\/mediagroup.mx\/index.php\/wp-json\/wp\/v2\/comments?post=49614"}],"version-history":[{"count":1,"href":"https:\/\/mediagroup.mx\/index.php\/wp-json\/wp\/v2\/posts\/49614\/revisions"}],"predecessor-version":[{"id":49616,"href":"https:\/\/mediagroup.mx\/index.php\/wp-json\/wp\/v2\/posts\/49614\/revisions\/49616"}],"wp:featuredmedia":[{"embeddable":true,"href":"https:\/\/mediagroup.mx\/index.php\/wp-json\/wp\/v2\/media\/49615"}],"wp:attachment":[{"href":"https:\/\/mediagroup.mx\/index.php\/wp-json\/wp\/v2\/media?parent=49614"}],"wp:term":[{"taxonomy":"category","embeddable":true,"href":"https:\/\/mediagroup.mx\/index.php\/wp-json\/wp\/v2\/categories?post=49614"},{"taxonomy":"post_tag","embeddable":true,"href":"https:\/\/mediagroup.mx\/index.php\/wp-json\/wp\/v2\/tags?post=49614"}],"curies":[{"name":"wp","href":"https:\/\/api.w.org\/{rel}","templated":true}]}}