{"id":49624,"date":"2023-10-06T01:42:20","date_gmt":"2023-10-06T01:42:20","guid":{"rendered":"https:\/\/mediagroup.mx\/?p=49624"},"modified":"2023-10-06T01:42:20","modified_gmt":"2023-10-06T01:42:20","slug":"pide-oscar-escobar-que-se-incluya-propuesta-de-ley-de-deteccion-de-cancer-en-el-plan-morelos","status":"publish","type":"post","link":"https:\/\/mediagroup.mx\/index.php\/2023\/10\/06\/pide-oscar-escobar-que-se-incluya-propuesta-de-ley-de-deteccion-de-cancer-en-el-plan-morelos\/","title":{"rendered":"Pide Oscar Escobar que se incluya propuesta de ley de detecci\u00f3n de c\u00e1ncer en el plan Morelos"},"content":{"rendered":"<p>Que se incluya en el llamado \u201cPlan Morelos\u201d es la petici\u00f3n que realiz\u00f3 el diputado local Oscar Escobar Ledesma al gobernador Alfredo Ram\u00edrez Bedolla, acerca de la propuesta que present\u00f3 este jueves para crear la Ley Para La Detecci\u00f3n Y Tratamiento Oportuno E Integral Del C\u00e1ncer En La Infancia Y En La Adolescencia para el estado de Michoac\u00e1n.<\/p>\n<p style=\"text-align: center;\">El legislador af\u00edn al partido Movimiento Ciudadano declar\u00f3 tanto \u00e9l como su compa\u00f1ero de V\u00edctor Manr\u00edquez renunciar\u00e1n al cr\u00e9dito pol\u00edtico que la creaci\u00f3n de esta ley pueda tener, esto con la finalidad de que se apruebe.<\/p>\n<p>Escobar Ledesma se\u00f1al\u00f3 que con esta ley se busca evitar el fallecimiento en la infancia a causa del c\u00e1ncer, proporcionando tratamiento oportuno y que exista un hospital de oncolog\u00eda digno en el estado.<\/p>\n<p>Adem\u00e1s, indic\u00f3 que con esta ley se buscar\u00eda plasmar en la constituci\u00f3n los apoyos que se dan desde la Secretar\u00eda de Bienestar a las familias cuidadoras de ni\u00f1os con c\u00e1ncer con la finalidad de que estos se mantengan m\u00e1s all\u00e1 de la actual administraci\u00f3n estatal.<\/p>\n<p>Por: Miguel Santos<\/p>\n","protected":false},"excerpt":{"rendered":"<p>Que se incluya en el llamado \u201cPlan Morelos\u201d es la petici\u00f3n que realiz\u00f3 el diputado local Oscar Escobar Ledesma al gobernador Alfredo Ram\u00edrez Bedolla, acerca de la propuesta que present\u00f3 este jueves para crear la Ley Para La Detecci\u00f3n Y Tratamiento Oportuno E Integral Del C\u00e1ncer En La Infancia Y En La Adolescencia para el [&hellip;]<\/p>\n","protected":false},"author":2,"featured_media":49625,"comment_status":"open","ping_status":"open","sticky":false,"template":"","format":"standard","meta":{"om_disable_all_campaigns":false,"_monsterinsights_skip_tracking":false,"_monsterinsights_sitenote_active":false,"_monsterinsights_sitenote_note":"","_monsterinsights_sitenote_category":0,"_uf_show_specific_survey":0,"_uf_disable_surveys":false,"_jetpack_memberships_contains_paid_content":false,"footnotes":"","jetpack_publicize_message":"Pide Oscar Escobar que se incluya propuesta de ley de detecci\u00f3n de c\u00e1ncer en el plan Morelos","jetpack_publicize_feature_enabled":true,"jetpack_social_post_already_shared":true,"jetpack_social_options":{"image_generator_settings":{"template":"highway","default_image_id":0,"enabled":false},"version":2}},"categories":[15],"tags":[],"class_list":{"0":"post-49624","1":"post","2":"type-post","3":"status-publish","4":"format-standard","5":"has-post-thumbnail","7":"category-michoacan"},"aioseo_notices":[],"jetpack_publicize_connections":[],"jetpack_featured_media_url":"https:\/\/mediagroup.mx\/wp-content\/uploads\/2023\/10\/446660e0-f572-4365-8924-348364591432.jpeg","jetpack_sharing_enabled":true,"_links":{"self":[{"href":"https:\/\/mediagroup.mx\/index.php\/wp-json\/wp\/v2\/posts\/49624","targetHints":{"allow":["GET"]}}],"collection":[{"href":"https:\/\/mediagroup.mx\/index.php\/wp-json\/wp\/v2\/posts"}],"about":[{"href":"https:\/\/mediagroup.mx\/index.php\/wp-json\/wp\/v2\/types\/post"}],"author":[{"embeddable":true,"href":"https:\/\/mediagroup.mx\/index.php\/wp-json\/wp\/v2\/users\/2"}],"replies":[{"embeddable":true,"href":"https:\/\/mediagroup.mx\/index.php\/wp-json\/wp\/v2\/comments?post=49624"}],"version-history":[{"count":1,"href":"https:\/\/mediagroup.mx\/index.php\/wp-json\/wp\/v2\/posts\/49624\/revisions"}],"predecessor-version":[{"id":49626,"href":"https:\/\/mediagroup.mx\/index.php\/wp-json\/wp\/v2\/posts\/49624\/revisions\/49626"}],"wp:featuredmedia":[{"embeddable":true,"href":"https:\/\/mediagroup.mx\/index.php\/wp-json\/wp\/v2\/media\/49625"}],"wp:attachment":[{"href":"https:\/\/mediagroup.mx\/index.php\/wp-json\/wp\/v2\/media?parent=49624"}],"wp:term":[{"taxonomy":"category","embeddable":true,"href":"https:\/\/mediagroup.mx\/index.php\/wp-json\/wp\/v2\/categories?post=49624"},{"taxonomy":"post_tag","embeddable":true,"href":"https:\/\/mediagroup.mx\/index.php\/wp-json\/wp\/v2\/tags?post=49624"}],"curies":[{"name":"wp","href":"https:\/\/api.w.org\/{rel}","templated":true}]}}