{"id":49636,"date":"2023-10-06T22:51:07","date_gmt":"2023-10-06T22:51:07","guid":{"rendered":"https:\/\/mediagroup.mx\/?p=49636"},"modified":"2023-10-06T22:51:07","modified_gmt":"2023-10-06T22:51:07","slug":"proponen-oscar-escobar-y-victor-manriquez-atencion-universal-y-gratuita-a-ninos-con-cancer","status":"publish","type":"post","link":"https:\/\/mediagroup.mx\/index.php\/2023\/10\/06\/proponen-oscar-escobar-y-victor-manriquez-atencion-universal-y-gratuita-a-ninos-con-cancer\/","title":{"rendered":"Proponen Oscar Escobar y V\u00edctor Manr\u00edquez atenci\u00f3n universal y gratuita a ni\u00f1os con c\u00e1ncer"},"content":{"rendered":"<p style=\"text-align: justify;\">Lucharemos por una atenci\u00f3n universal, integral y gratuita para las ni\u00f1as, ni\u00f1os y adolescentes con c\u00e1ncer, anunci\u00f3 Oscar Escobar Ledesma, diputado ciudadano.<\/p>\n<p style=\"text-align: justify;\">Desde la m\u00e1xima tribuna en el Congreso de Michoac\u00e1n, de manera conjunta con el diputado V\u00edctor Manr\u00edquez Gonz\u00e1lez y Oscar Escobar Ledesma presentaron la Ley para la Detecci\u00f3n y Tratamiento Oportuno e Integral del C\u00e1ncer en la Infancia y la Adolescencia, misma que permitir\u00e1 abordar desde diferentes frentes esta enfermedad para brindar mejor atenci\u00f3n m\u00e9dica a los peque\u00f1os que lo necesiten.<\/p>\n<p style=\"text-align: justify;\">\u201cEn la bancada naranja lo damos todo contra el C\u00e1ncer. Consideramos que los esfuerzos deben estar encaminados y dirigidos a facilitar el acceso a los servicios de salud gratuitos a trav\u00e9s de revisiones constantes, generar una difusi\u00f3n de concientizaci\u00f3n y educaci\u00f3n sobre el c\u00e1ncer infantil, a efecto de poder conseguir diagn\u00f3sticos oportunos que nos permitan dar tratamientos adecuados, integrales y eficaces al detectar la enfermedad en su inicio\u201d.<\/p>\n<p style=\"text-align: justify;\">Al se\u00f1alar que el c\u00e1ncer infantil en los dos \u00faltimos a\u00f1os ha sido la primera causa de muerte entre los ni\u00f1os de 5 y 14 a\u00f1os de edad, refiri\u00f3 que con esta iniciativa se busca fortalecer la Ley General para la Detecci\u00f3n Oportuna del C\u00e1ncer en la Infancia y la Adolescencia, desde el estado, para garantizar una aplicaci\u00f3n en la que cada ni\u00f1a y ni\u00f1o con c\u00e1ncer tenga garantizado un diagn\u00f3stico, atenci\u00f3n m\u00e9dica, tratamiento y acciones preventivas.<\/p>\n<p style=\"text-align: justify;\">\u201cSe pretende contar en el estado con el cuerpo normativo que coordine, promueva y defina las atribuciones de los actores involucrados en el dise\u00f1o de pol\u00edticas p\u00fablicas, programas y estrategias para acceder a los insumos requeridos. No lo veamos como un tema de partidos pol\u00edticos o de protagonismo, nuestras ni\u00f1as, ni\u00f1os y adolescentes nos necesitan para tener una vida plena\u201d.<\/p>\n<p style=\"text-align: justify;\">Escobar Ledesma record\u00f3 que en Jalisco se cuenta con una Ley que garantiza la gratuidad universal en el tratamiento del c\u00e1ncer infantil, adem\u00e1s de contar con el apoyo de persona f\u00edsicas, jur\u00eddicas y asociaciones civiles para afrontar las necesidades de los peque\u00f1os que se enfrentan a \u00e9sta enfermedad, acciones que se pretenden replicar en Michoac\u00e1n.<\/p>\n","protected":false},"excerpt":{"rendered":"<p>Lucharemos por una atenci\u00f3n universal, integral y gratuita para las ni\u00f1as, ni\u00f1os y adolescentes con c\u00e1ncer, anunci\u00f3 Oscar Escobar Ledesma, diputado ciudadano. Desde la m\u00e1xima tribuna en el Congreso de Michoac\u00e1n, de manera conjunta con el diputado V\u00edctor Manr\u00edquez Gonz\u00e1lez y Oscar Escobar Ledesma presentaron la Ley para la Detecci\u00f3n y Tratamiento Oportuno e Integral [&hellip;]<\/p>\n","protected":false},"author":2,"featured_media":49637,"comment_status":"open","ping_status":"open","sticky":false,"template":"","format":"standard","meta":{"om_disable_all_campaigns":false,"_monsterinsights_skip_tracking":false,"_monsterinsights_sitenote_active":false,"_monsterinsights_sitenote_note":"","_monsterinsights_sitenote_category":0,"_uf_show_specific_survey":0,"_uf_disable_surveys":false,"_jetpack_memberships_contains_paid_content":false,"footnotes":"","jetpack_publicize_message":"Proponen Oscar Escobar y V\u00edctor Manr\u00edquez atenci\u00f3n universal y gratuita a ni\u00f1os con c\u00e1ncer","jetpack_publicize_feature_enabled":true,"jetpack_social_post_already_shared":true,"jetpack_social_options":{"image_generator_settings":{"template":"highway","default_image_id":0,"enabled":false},"version":2}},"categories":[15],"tags":[],"class_list":{"0":"post-49636","1":"post","2":"type-post","3":"status-publish","4":"format-standard","5":"has-post-thumbnail","7":"category-michoacan"},"aioseo_notices":[],"jetpack_publicize_connections":[],"jetpack_featured_media_url":"https:\/\/mediagroup.mx\/wp-content\/uploads\/2023\/10\/WhatsApp-Image-2023-10-06-at-1.14.31-PM.jpeg","jetpack_sharing_enabled":true,"_links":{"self":[{"href":"https:\/\/mediagroup.mx\/index.php\/wp-json\/wp\/v2\/posts\/49636","targetHints":{"allow":["GET"]}}],"collection":[{"href":"https:\/\/mediagroup.mx\/index.php\/wp-json\/wp\/v2\/posts"}],"about":[{"href":"https:\/\/mediagroup.mx\/index.php\/wp-json\/wp\/v2\/types\/post"}],"author":[{"embeddable":true,"href":"https:\/\/mediagroup.mx\/index.php\/wp-json\/wp\/v2\/users\/2"}],"replies":[{"embeddable":true,"href":"https:\/\/mediagroup.mx\/index.php\/wp-json\/wp\/v2\/comments?post=49636"}],"version-history":[{"count":1,"href":"https:\/\/mediagroup.mx\/index.php\/wp-json\/wp\/v2\/posts\/49636\/revisions"}],"predecessor-version":[{"id":49638,"href":"https:\/\/mediagroup.mx\/index.php\/wp-json\/wp\/v2\/posts\/49636\/revisions\/49638"}],"wp:featuredmedia":[{"embeddable":true,"href":"https:\/\/mediagroup.mx\/index.php\/wp-json\/wp\/v2\/media\/49637"}],"wp:attachment":[{"href":"https:\/\/mediagroup.mx\/index.php\/wp-json\/wp\/v2\/media?parent=49636"}],"wp:term":[{"taxonomy":"category","embeddable":true,"href":"https:\/\/mediagroup.mx\/index.php\/wp-json\/wp\/v2\/categories?post=49636"},{"taxonomy":"post_tag","embeddable":true,"href":"https:\/\/mediagroup.mx\/index.php\/wp-json\/wp\/v2\/tags?post=49636"}],"curies":[{"name":"wp","href":"https:\/\/api.w.org\/{rel}","templated":true}]}}