{"id":49639,"date":"2023-10-06T22:52:33","date_gmt":"2023-10-06T22:52:33","guid":{"rendered":"https:\/\/mediagroup.mx\/?p=49639"},"modified":"2023-10-06T22:52:33","modified_gmt":"2023-10-06T22:52:33","slug":"celebra-ayuntamiento-de-morelia-ser-sede-de-2da-sede-de-la-cumbre-nacional-alianza-mexicana-de-marchas-lgtbtttiq","status":"publish","type":"post","link":"https:\/\/mediagroup.mx\/index.php\/2023\/10\/06\/celebra-ayuntamiento-de-morelia-ser-sede-de-2da-sede-de-la-cumbre-nacional-alianza-mexicana-de-marchas-lgtbtttiq\/","title":{"rendered":"Celebra Ayuntamiento de Morelia ser sede de 2da. Sede de la Cumbre Nacional Alianza Mexicana de Marchas LGTBTTTIQ+"},"content":{"rendered":"<p style=\"text-align: justify;\">La s\u00edndica municipal de Morelia, Susan Melissa V\u00e1zquez P\u00e9rez, dio la bienvenida a personas provenientes de los estados de Guanajuato, Sinaloa, as\u00ed como el interior de la entidad de Michoac\u00e1n en la Segunda Sede Cumbre Nacional Alianza Mexicana de Marchas LGTBTTTIQ+ y refiri\u00f3 que cada a\u00f1o se realiza esta cumbre nacional para fortalecer las estrategias y defensa, as\u00ed como promoci\u00f3n de los derechos de las personas sexo diversas.<\/p>\n<p style=\"text-align: justify;\">Ante las y los integrantes, representantes de esta cumbre, la s\u00edndica, Melissa V\u00e1squez refrend\u00f3 el compromiso del Ayuntamiento de Morelia por impulsar pol\u00edticas p\u00fablicas que lleguen a todas, todos y la ciudad siga siendo \u201caliada de la diversidad sexual.\u201d<\/p>\n<p style=\"text-align: justify;\">Cabe mencionar que esta Cumbre est\u00e1 es parte de una red que acciona en la promoci\u00f3n y defensa de los derechos humanos de este sector de la poblaci\u00f3n en M\u00e9xico, que se encuentra conformada por 27 estados de la Rep\u00fablica y poco m\u00e1s de 50 organizaciones de la sociedad civil.<\/p>\n<p>Por: Jes\u00fas Gonz\u00e1lez<\/p>\n","protected":false},"excerpt":{"rendered":"<p>La s\u00edndica municipal de Morelia, Susan Melissa V\u00e1zquez P\u00e9rez, dio la bienvenida a personas provenientes de los estados de Guanajuato, Sinaloa, as\u00ed como el interior de la entidad de Michoac\u00e1n en la Segunda Sede Cumbre Nacional Alianza Mexicana de Marchas LGTBTTTIQ+ y refiri\u00f3 que cada a\u00f1o se realiza esta cumbre nacional para fortalecer las estrategias [&hellip;]<\/p>\n","protected":false},"author":2,"featured_media":49640,"comment_status":"open","ping_status":"open","sticky":false,"template":"","format":"standard","meta":{"om_disable_all_campaigns":false,"_monsterinsights_skip_tracking":false,"_monsterinsights_sitenote_active":false,"_monsterinsights_sitenote_note":"","_monsterinsights_sitenote_category":0,"_uf_show_specific_survey":0,"_uf_disable_surveys":false,"_jetpack_memberships_contains_paid_content":false,"footnotes":"","jetpack_publicize_message":"Celebra Ayuntamiento de Morelia ser sede de 2da. Sede de la Cumbre Nacional Alianza Mexicana de Marchas LGTBTTTIQ+","jetpack_publicize_feature_enabled":true,"jetpack_social_post_already_shared":true,"jetpack_social_options":{"image_generator_settings":{"template":"highway","default_image_id":0,"enabled":false},"version":2}},"categories":[17],"tags":[],"class_list":{"0":"post-49639","1":"post","2":"type-post","3":"status-publish","4":"format-standard","5":"has-post-thumbnail","7":"category-morelia"},"aioseo_notices":[],"jetpack_publicize_connections":[],"jetpack_featured_media_url":"https:\/\/mediagroup.mx\/wp-content\/uploads\/2023\/10\/WhatsApp-Image-2023-10-06-at-2.58.02-PM.jpeg","jetpack_sharing_enabled":true,"_links":{"self":[{"href":"https:\/\/mediagroup.mx\/index.php\/wp-json\/wp\/v2\/posts\/49639","targetHints":{"allow":["GET"]}}],"collection":[{"href":"https:\/\/mediagroup.mx\/index.php\/wp-json\/wp\/v2\/posts"}],"about":[{"href":"https:\/\/mediagroup.mx\/index.php\/wp-json\/wp\/v2\/types\/post"}],"author":[{"embeddable":true,"href":"https:\/\/mediagroup.mx\/index.php\/wp-json\/wp\/v2\/users\/2"}],"replies":[{"embeddable":true,"href":"https:\/\/mediagroup.mx\/index.php\/wp-json\/wp\/v2\/comments?post=49639"}],"version-history":[{"count":1,"href":"https:\/\/mediagroup.mx\/index.php\/wp-json\/wp\/v2\/posts\/49639\/revisions"}],"predecessor-version":[{"id":49641,"href":"https:\/\/mediagroup.mx\/index.php\/wp-json\/wp\/v2\/posts\/49639\/revisions\/49641"}],"wp:featuredmedia":[{"embeddable":true,"href":"https:\/\/mediagroup.mx\/index.php\/wp-json\/wp\/v2\/media\/49640"}],"wp:attachment":[{"href":"https:\/\/mediagroup.mx\/index.php\/wp-json\/wp\/v2\/media?parent=49639"}],"wp:term":[{"taxonomy":"category","embeddable":true,"href":"https:\/\/mediagroup.mx\/index.php\/wp-json\/wp\/v2\/categories?post=49639"},{"taxonomy":"post_tag","embeddable":true,"href":"https:\/\/mediagroup.mx\/index.php\/wp-json\/wp\/v2\/tags?post=49639"}],"curies":[{"name":"wp","href":"https:\/\/api.w.org\/{rel}","templated":true}]}}