{"id":49645,"date":"2023-10-06T22:54:33","date_gmt":"2023-10-06T22:54:33","guid":{"rendered":"https:\/\/mediagroup.mx\/?p=49645"},"modified":"2023-10-06T22:54:33","modified_gmt":"2023-10-06T22:54:33","slug":"la-catedral-de-morelia-brillara-con-los-colores-del-heroico-colegio-militar","status":"publish","type":"post","link":"https:\/\/mediagroup.mx\/index.php\/2023\/10\/06\/la-catedral-de-morelia-brillara-con-los-colores-del-heroico-colegio-militar\/","title":{"rendered":"La Catedral de Morelia brillar\u00e1 con los Colores del Heroico Colegio Militar"},"content":{"rendered":"<p style=\"text-align: justify;\">La Secretar\u00eda de la Defensa Nacional, a trav\u00e9s de la Comandancia de la 21\/a. Zona Militar, en coordinaci\u00f3n y apoyo del Ayuntamiento de Morelia, encabezado por Alfonso Mart\u00ednez Alc\u00e1zar, realizar\u00e1n un evento que llenar\u00e1 de colores el cielo de Morelia, adem\u00e1s de hacer bailar a sus asistentes.<\/p>\n<p style=\"text-align: justify;\">Se trata del emblem\u00e1tico Encendido de la Catedral Metropolitana de Morelia, misma que se llevar\u00e1 a cabo este s\u00e1bado 7 de octubre del a\u00f1o en curso, representando al Heroico Colegio Militar, espect\u00e1culo de luces y sonido que conmemora los 200 a\u00f1os de la fundaci\u00f3n de dicho Plantel Militar, noble instituci\u00f3n de gran relevancia en la formaci\u00f3n militar, que desde 1823, ha formado mujeres y hombres de las Armas y Servicios del Ej\u00e9rcito Mexicano.<\/p>\n<p style=\"text-align: justify;\">En el marco de este aniversario, las actividades comenzar\u00e1n a partir de las 14:00 horas con el despliegue de veh\u00edculos t\u00e1cticos, binomios caninos, banda de guerra y una exposici\u00f3n de fotograf\u00edas, que muestran a personajes destacados que han formado parte del Heroico Colegio Militar y sus Instalaciones, mismos, que se encontrar\u00e1n sobre la Avenida Francisco I. Madero, frente a la Plaza de Armas en el Centro Hist\u00f3rico de Morelia.<\/p>\n<p style=\"text-align: justify;\">Continuar\u00e1 a partir de las 19:50 horas con la presentaci\u00f3n de la Banda de M\u00fasica de la XII Regi\u00f3n Militar, agrupaci\u00f3n que cuenta con un reconocido prestigio a nivel nacional y presentaciones en diferentes puntos y escenarios de la Rep\u00fablica, quienes interpretar\u00e1n un repertorio de m\u00fasica tradicional mexicana para deleite de los asistentes.<\/p>\n<p style=\"text-align: justify;\">El evento cerrar\u00e1 a las 21:00 horas con el majestuoso Encendido de la Catedral, que estar\u00e1 musicalizado con el Himno del Heroico Colegio Militar y fuegos pirot\u00e9cnicos en colores patrios.<\/p>\n<p>Por: Jes\u00fas Gonz\u00e1lez<\/p>\n","protected":false},"excerpt":{"rendered":"<p>La Secretar\u00eda de la Defensa Nacional, a trav\u00e9s de la Comandancia de la 21\/a. Zona Militar, en coordinaci\u00f3n y apoyo del Ayuntamiento de Morelia, encabezado por Alfonso Mart\u00ednez Alc\u00e1zar, realizar\u00e1n un evento que llenar\u00e1 de colores el cielo de Morelia, adem\u00e1s de hacer bailar a sus asistentes. Se trata del emblem\u00e1tico Encendido de la Catedral [&hellip;]<\/p>\n","protected":false},"author":2,"featured_media":49646,"comment_status":"open","ping_status":"open","sticky":false,"template":"","format":"standard","meta":{"om_disable_all_campaigns":false,"_monsterinsights_skip_tracking":false,"_monsterinsights_sitenote_active":false,"_monsterinsights_sitenote_note":"","_monsterinsights_sitenote_category":0,"_uf_show_specific_survey":0,"_uf_disable_surveys":false,"_jetpack_memberships_contains_paid_content":false,"footnotes":"","jetpack_publicize_message":"La Catedral de Morelia brillar\u00e1 con los Colores del Heroico Colegio Militar","jetpack_publicize_feature_enabled":true,"jetpack_social_post_already_shared":true,"jetpack_social_options":{"image_generator_settings":{"template":"highway","default_image_id":0,"enabled":false},"version":2}},"categories":[17],"tags":[],"class_list":{"0":"post-49645","1":"post","2":"type-post","3":"status-publish","4":"format-standard","5":"has-post-thumbnail","7":"category-morelia"},"aioseo_notices":[],"jetpack_publicize_connections":[],"jetpack_featured_media_url":"https:\/\/mediagroup.mx\/wp-content\/uploads\/2023\/10\/WhatsApp-Image-2023-10-06-at-3.03.32-PM.jpeg","jetpack_sharing_enabled":true,"_links":{"self":[{"href":"https:\/\/mediagroup.mx\/index.php\/wp-json\/wp\/v2\/posts\/49645","targetHints":{"allow":["GET"]}}],"collection":[{"href":"https:\/\/mediagroup.mx\/index.php\/wp-json\/wp\/v2\/posts"}],"about":[{"href":"https:\/\/mediagroup.mx\/index.php\/wp-json\/wp\/v2\/types\/post"}],"author":[{"embeddable":true,"href":"https:\/\/mediagroup.mx\/index.php\/wp-json\/wp\/v2\/users\/2"}],"replies":[{"embeddable":true,"href":"https:\/\/mediagroup.mx\/index.php\/wp-json\/wp\/v2\/comments?post=49645"}],"version-history":[{"count":1,"href":"https:\/\/mediagroup.mx\/index.php\/wp-json\/wp\/v2\/posts\/49645\/revisions"}],"predecessor-version":[{"id":49647,"href":"https:\/\/mediagroup.mx\/index.php\/wp-json\/wp\/v2\/posts\/49645\/revisions\/49647"}],"wp:featuredmedia":[{"embeddable":true,"href":"https:\/\/mediagroup.mx\/index.php\/wp-json\/wp\/v2\/media\/49646"}],"wp:attachment":[{"href":"https:\/\/mediagroup.mx\/index.php\/wp-json\/wp\/v2\/media?parent=49645"}],"wp:term":[{"taxonomy":"category","embeddable":true,"href":"https:\/\/mediagroup.mx\/index.php\/wp-json\/wp\/v2\/categories?post=49645"},{"taxonomy":"post_tag","embeddable":true,"href":"https:\/\/mediagroup.mx\/index.php\/wp-json\/wp\/v2\/tags?post=49645"}],"curies":[{"name":"wp","href":"https:\/\/api.w.org\/{rel}","templated":true}]}}