{"id":49648,"date":"2023-10-06T22:56:19","date_gmt":"2023-10-06T22:56:19","guid":{"rendered":"https:\/\/mediagroup.mx\/?p=49648"},"modified":"2023-10-06T22:56:19","modified_gmt":"2023-10-06T22:56:19","slug":"en-proximo-proceso-electoral-espacios-para-la-comunidad-lgbtttiq-seran-mas-vigilados-magistrade-del-tribunal-de-aguascalientes","status":"publish","type":"post","link":"https:\/\/mediagroup.mx\/index.php\/2023\/10\/06\/en-proximo-proceso-electoral-espacios-para-la-comunidad-lgbtttiq-seran-mas-vigilados-magistrade-del-tribunal-de-aguascalientes\/","title":{"rendered":"En pr\u00f3ximo proceso electoral, espacios para la comunidad LGBTTTIQ+ ser\u00e1n m\u00e1s vigilados: magistrade del Tribunal de Aguascalientes"},"content":{"rendered":"<p style=\"text-align: justify;\">El Magistrade del Tribunal Electoral de Aguascalientes, Jes\u00fas Ociel Baena, estuvo en la ciudad de Morelia para la Segunda Sede Cumbre Nacional Alianza Mexicana de Marchas LGTBTTTIQ+, donde en entrevista colectiva inform\u00f3 que tras litigios ante los \u00f3rganos de acceso a la informaci\u00f3n se pudo acceder a los datos de las cuotas para la diversidad sexual de los partidos pol\u00edticos en el proceso electoral anterior, 2021, donde hubo usurpaci\u00f3n de estos espacios por parte de todos los partidos pol\u00edticos.<\/p>\n<p style=\"text-align: justify;\">Tan s\u00f3lo, inform\u00f3, en la C\u00e1mara de Diputados Federal hay usurpaci\u00f3n en estos espacios tanto por diputados del PAN, el PRI y MORENA.<\/p>\n<p>Por: Jes\u00fas Gonz\u00e1lez<\/p>\n","protected":false},"excerpt":{"rendered":"<p>El Magistrade del Tribunal Electoral de Aguascalientes, Jes\u00fas Ociel Baena, estuvo en la ciudad de Morelia para la Segunda Sede Cumbre Nacional Alianza Mexicana de Marchas LGTBTTTIQ+, donde en entrevista colectiva inform\u00f3 que tras litigios ante los \u00f3rganos de acceso a la informaci\u00f3n se pudo acceder a los datos de las cuotas para la diversidad [&hellip;]<\/p>\n","protected":false},"author":2,"featured_media":49649,"comment_status":"open","ping_status":"open","sticky":false,"template":"","format":"standard","meta":{"om_disable_all_campaigns":false,"_monsterinsights_skip_tracking":false,"_monsterinsights_sitenote_active":false,"_monsterinsights_sitenote_note":"","_monsterinsights_sitenote_category":0,"_uf_show_specific_survey":0,"_uf_disable_surveys":false,"_jetpack_memberships_contains_paid_content":false,"footnotes":"","jetpack_publicize_message":"En pr\u00f3ximo proceso electoral, espacios para la comunidad LGBTTTIQ+ ser\u00e1n m\u00e1s vigilados: magistrade del Tribunal de Aguascalientes","jetpack_publicize_feature_enabled":true,"jetpack_social_post_already_shared":true,"jetpack_social_options":{"image_generator_settings":{"template":"highway","default_image_id":0,"enabled":false},"version":2}},"categories":[23],"tags":[],"class_list":{"0":"post-49648","1":"post","2":"type-post","3":"status-publish","4":"format-standard","5":"has-post-thumbnail","7":"category-nacional"},"aioseo_notices":[],"jetpack_publicize_connections":[],"jetpack_featured_media_url":"https:\/\/mediagroup.mx\/wp-content\/uploads\/2023\/10\/WhatsApp-Image-2023-10-06-at-4.09.48-PM.jpeg","jetpack_sharing_enabled":true,"_links":{"self":[{"href":"https:\/\/mediagroup.mx\/index.php\/wp-json\/wp\/v2\/posts\/49648","targetHints":{"allow":["GET"]}}],"collection":[{"href":"https:\/\/mediagroup.mx\/index.php\/wp-json\/wp\/v2\/posts"}],"about":[{"href":"https:\/\/mediagroup.mx\/index.php\/wp-json\/wp\/v2\/types\/post"}],"author":[{"embeddable":true,"href":"https:\/\/mediagroup.mx\/index.php\/wp-json\/wp\/v2\/users\/2"}],"replies":[{"embeddable":true,"href":"https:\/\/mediagroup.mx\/index.php\/wp-json\/wp\/v2\/comments?post=49648"}],"version-history":[{"count":1,"href":"https:\/\/mediagroup.mx\/index.php\/wp-json\/wp\/v2\/posts\/49648\/revisions"}],"predecessor-version":[{"id":49650,"href":"https:\/\/mediagroup.mx\/index.php\/wp-json\/wp\/v2\/posts\/49648\/revisions\/49650"}],"wp:featuredmedia":[{"embeddable":true,"href":"https:\/\/mediagroup.mx\/index.php\/wp-json\/wp\/v2\/media\/49649"}],"wp:attachment":[{"href":"https:\/\/mediagroup.mx\/index.php\/wp-json\/wp\/v2\/media?parent=49648"}],"wp:term":[{"taxonomy":"category","embeddable":true,"href":"https:\/\/mediagroup.mx\/index.php\/wp-json\/wp\/v2\/categories?post=49648"},{"taxonomy":"post_tag","embeddable":true,"href":"https:\/\/mediagroup.mx\/index.php\/wp-json\/wp\/v2\/tags?post=49648"}],"curies":[{"name":"wp","href":"https:\/\/api.w.org\/{rel}","templated":true}]}}