{"id":49651,"date":"2023-10-06T22:59:03","date_gmt":"2023-10-06T22:59:03","guid":{"rendered":"https:\/\/mediagroup.mx\/?p=49651"},"modified":"2023-10-06T22:59:03","modified_gmt":"2023-10-06T22:59:03","slug":"michoacanos-decidiran-candidaturas-de-la-4t-para-el-senado-morena","status":"publish","type":"post","link":"https:\/\/mediagroup.mx\/index.php\/2023\/10\/06\/michoacanos-decidiran-candidaturas-de-la-4t-para-el-senado-morena\/","title":{"rendered":"Michoacanos decidir\u00e1n candidaturas de la 4T para el Senado: Morena"},"content":{"rendered":"<p style=\"text-align: justify;\">Ser\u00e1 a trav\u00e9s de una encuesta, y una votaci\u00f3n posterior a cargo de las y los Consejeros Estatales de Morena, que este partido definir\u00e1 quienes ser\u00e1n la f\u00f3rmula que represente a Michoac\u00e1n en renovaci\u00f3n del Senado de la Rep\u00fablica, inform\u00f3 el dirigente estatal del partido guinda, Juan Pablo Celis Silva.<\/p>\n<p style=\"text-align: justify;\">Cuestionado sobre las aspiraciones de ex funcionarios como Carlos Torres Pi\u00f1a, Ra\u00fal Mor\u00f3n Orozco e incluso diputados como Fidel Calder\u00f3n Torreblanca, el l\u00edder morenista en la entidad aclar\u00f3 que cualquier aspiraci\u00f3n es v\u00e1lida pero ello no definir\u00e1 la candidatura para la C\u00e1mara Alta.<\/p>\n<p style=\"text-align: justify;\">Asimismo, Celis Silva explic\u00f3 que adem\u00e1s de una encuesta aplicada en Michoac\u00e1n, el partido guinda definir\u00e1 la f\u00f3rmula para el Senado a partir de los resultados de dicho ejercicio y tras el acuerdo al que lleguen los 120 consejeros y consejeras estatales de Morena.<\/p>\n<p>Por: Oscar Mendoza<\/p>\n","protected":false},"excerpt":{"rendered":"<p>Ser\u00e1 a trav\u00e9s de una encuesta, y una votaci\u00f3n posterior a cargo de las y los Consejeros Estatales de Morena, que este partido definir\u00e1 quienes ser\u00e1n la f\u00f3rmula que represente a Michoac\u00e1n en renovaci\u00f3n del Senado de la Rep\u00fablica, inform\u00f3 el dirigente estatal del partido guinda, Juan Pablo Celis Silva. Cuestionado sobre las aspiraciones de [&hellip;]<\/p>\n","protected":false},"author":2,"featured_media":49652,"comment_status":"open","ping_status":"open","sticky":false,"template":"","format":"standard","meta":{"om_disable_all_campaigns":false,"_monsterinsights_skip_tracking":false,"_monsterinsights_sitenote_active":false,"_monsterinsights_sitenote_note":"","_monsterinsights_sitenote_category":0,"_uf_show_specific_survey":0,"_uf_disable_surveys":false,"_jetpack_memberships_contains_paid_content":false,"footnotes":"","jetpack_publicize_message":"Michoacanos decidir\u00e1n candidaturas de la 4T para el Senado: Morena","jetpack_publicize_feature_enabled":true,"jetpack_social_post_already_shared":true,"jetpack_social_options":{"image_generator_settings":{"template":"highway","default_image_id":0,"enabled":false},"version":2}},"categories":[15],"tags":[],"class_list":{"0":"post-49651","1":"post","2":"type-post","3":"status-publish","4":"format-standard","5":"has-post-thumbnail","7":"category-michoacan"},"aioseo_notices":[],"jetpack_publicize_connections":[],"jetpack_featured_media_url":"https:\/\/mediagroup.mx\/wp-content\/uploads\/2023\/10\/369259087_669256785204343_4143354562514344147_n.jpeg","jetpack_sharing_enabled":true,"_links":{"self":[{"href":"https:\/\/mediagroup.mx\/index.php\/wp-json\/wp\/v2\/posts\/49651","targetHints":{"allow":["GET"]}}],"collection":[{"href":"https:\/\/mediagroup.mx\/index.php\/wp-json\/wp\/v2\/posts"}],"about":[{"href":"https:\/\/mediagroup.mx\/index.php\/wp-json\/wp\/v2\/types\/post"}],"author":[{"embeddable":true,"href":"https:\/\/mediagroup.mx\/index.php\/wp-json\/wp\/v2\/users\/2"}],"replies":[{"embeddable":true,"href":"https:\/\/mediagroup.mx\/index.php\/wp-json\/wp\/v2\/comments?post=49651"}],"version-history":[{"count":1,"href":"https:\/\/mediagroup.mx\/index.php\/wp-json\/wp\/v2\/posts\/49651\/revisions"}],"predecessor-version":[{"id":49653,"href":"https:\/\/mediagroup.mx\/index.php\/wp-json\/wp\/v2\/posts\/49651\/revisions\/49653"}],"wp:featuredmedia":[{"embeddable":true,"href":"https:\/\/mediagroup.mx\/index.php\/wp-json\/wp\/v2\/media\/49652"}],"wp:attachment":[{"href":"https:\/\/mediagroup.mx\/index.php\/wp-json\/wp\/v2\/media?parent=49651"}],"wp:term":[{"taxonomy":"category","embeddable":true,"href":"https:\/\/mediagroup.mx\/index.php\/wp-json\/wp\/v2\/categories?post=49651"},{"taxonomy":"post_tag","embeddable":true,"href":"https:\/\/mediagroup.mx\/index.php\/wp-json\/wp\/v2\/tags?post=49651"}],"curies":[{"name":"wp","href":"https:\/\/api.w.org\/{rel}","templated":true}]}}