{"id":49657,"date":"2023-10-08T17:02:23","date_gmt":"2023-10-08T17:02:23","guid":{"rendered":"https:\/\/mediagroup.mx\/?p=49657"},"modified":"2023-10-08T17:02:23","modified_gmt":"2023-10-08T17:02:23","slug":"israel-contra-palestina-van-600-israelies-muertos-por-ataque-de-hamas","status":"publish","type":"post","link":"https:\/\/mediagroup.mx\/index.php\/2023\/10\/08\/israel-contra-palestina-van-600-israelies-muertos-por-ataque-de-hamas\/","title":{"rendered":"Israel contra Palestina: Van 600 israel\u00edes muertos por ataque de Ham\u00e1s"},"content":{"rendered":"<p class=\"body-paragraph \"><a href=\"https:\/\/www.elfinanciero.com.mx\/mundo\/2023\/10\/07\/estado-de-guerra-en-israel-netanyahu-pide-a-palestinos-salir-de-la-franja-de-gaza-por-ofensiva\/\" target=\"_top\" rel=\"noopener\">Israel dijo que al menos 600 de sus ciudadanos han muerto<\/a> desde que Ham\u00e1s atac\u00f3 el pa\u00eds, el s\u00e1bado 7 de octubre, mientras continuaban los combates en el sur.<\/p>\n<p class=\"body-paragraph \">El ej\u00e9rcito intent\u00f3 recuperar el control de las <b>zonas infiltradas por militantes de la Franja de Gaza<\/b>. Israel dijo que ahora tiene control total sobre al menos 29 puntos que fueron violados, pero contin\u00faan las batallas en lo que<a href=\"https:\/\/www.elfinanciero.com.mx\/mundo\/2023\/10\/07\/guerra-en-israel-sera-larga-y-dificil-dice-benjamin-netanyahu\/\" target=\"_top\" rel=\"noopener\"> el primer ministro Benjam\u00edn Netanyahu<\/a> ha declarado una guerra. Al menos 370 palestinos han muerto.<\/p>\n<p><iframe loading=\"lazy\" class=\"i-amphtml-fill-content\" title=\"Advertisement\" src=\"https:\/\/d-1040740593864888138.ampproject.net\/2309181453000\/frame.html\" name=\"{&quot;host&quot;:&quot;d-1040740593864888138.ampproject.net&quot;,&quot;bootstrap&quot;:&quot;https:\/\/3p.ampproject.net\/2309181453000\/vendor\/teads.mjs&quot;,&quot;type&quot;:&quot;teads&quot;,&quot;count&quot;:1,&quot;attributes&quot;:{&quot;pid&quot;:&quot;86144&quot;,&quot;ampSlotIndex&quot;:&quot;1&quot;,&quot;width&quot;:300,&quot;height&quot;:1,&quot;_context&quot;:{&quot;ampcontextVersion&quot;:&quot;2309181453000&quot;,&quot;ampcontextFilepath&quot;:&quot;https:\/\/3p.ampproject.net\/2309181453000\/ampcontext-v0.js&quot;,&quot;sourceUrl&quot;:&quot;https:\/\/www.elfinanciero.com.mx\/bloomberg\/2023\/10\/08\/israel-contra-palestina-van-600-israelies-muertos-por-ataque-de-hamas\/#origin=https%3A%2F%2Fwww.google.com&amp;cap=none&amp;webview=1&amp;dialog=1&amp;viewport=natural&amp;visibilityState=prerender&amp;prerenderSize=1&amp;viewerUrl=https%3A%2F%2Fwww.google.com%2Famp%2Fs%2Fwww-elfinanciero-com-mx.cdn.ampproject.org%2Fc%2Fs%2Fwww.elfinanciero.com.mx%2Fbloomberg%2F2023%2F10%2F08%2Fisrael-contra-palestina-van-600-israelies-muertos-por-ataque-de-hamas%2F&quot;,&quot;referrer&quot;:&quot;https:\/\/news.google.com\/&quot;,&quot;canonicalUrl&quot;:&quot;https:\/\/www.elfinanciero.com.mx\/bloomberg\/2023\/10\/08\/israel-contra-palestina-van-600-israelies-muertos-por-ataque-de-hamas\/&quot;,&quot;pageViewId&quot;:&quot;1866&quot;,&quot;location&quot;:{&quot;href&quot;:&quot;https:\/\/www-elfinanciero-com-mx.cdn.ampproject.org\/c\/s\/www.elfinanciero.com.mx\/bloomberg\/2023\/10\/08\/israel-contra-palestina-van-600-israelies-muertos-por-ataque-de-hamas\/#origin=https%3A%2F%2Fwww.google.com&amp;cap=none&amp;webview=1&amp;dialog=1&amp;viewport=natural&amp;visibilityState=prerender&amp;prerenderSize=1&amp;viewerUrl=https%3A%2F%2Fwww.google.com%2Famp%2Fs%2Fwww-elfinanciero-com-mx.cdn.ampproject.org%2Fc%2Fs%2Fwww.elfinanciero.com.mx%2Fbloomberg%2F2023%2F10%2F08%2Fisrael-contra-palestina-van-600-israelies-muertos-por-ataque-de-hamas%2F&quot;},&quot;startTime&quot;:1696784376926,&quot;tagName&quot;:&quot;AMP-AD&quot;,&quot;mode&quot;:{&quot;localDev&quot;:false,&quot;development&quot;:false,&quot;esm&quot;:true,&quot;test&quot;:false,&quot;rtvVersion&quot;:&quot;012309181453000&quot;},&quot;canary&quot;:false,&quot;hidden&quot;:false,&quot;initialLayoutRect&quot;:{&quot;left&quot;:24,&quot;top&quot;:1464,&quot;width&quot;:345,&quot;height&quot;:1},&quot;domFingerprint&quot;:&quot;3368739661&quot;,&quot;experimentToggles&quot;:{&quot;canary&quot;:false,&quot;a4aProfilingRate&quot;:false,&quot;doubleclickSraExp&quot;:false,&quot;doubleclickSraReportExcludedBlock&quot;:false,&quot;flexAdSlots&quot;:false,&quot;flexible-bitrate&quot;:false,&quot;ios-fixed-no-transfer&quot;:false,&quot;story-ad-placements&quot;:false,&quot;story-disable-animations-first-page&quot;:true,&quot;story-load-inactive-outside-viewport&quot;:true,&quot;amp-sticky-ad-to-amp-ad-v4&quot;:false,&quot;story-video-cache-apply-audio&quot;:false,&quot;amp-story-subscriptions&quot;:true,&quot;esm&quot;:true,&quot;amp-story-first-page-max-bitrate&quot;:false,&quot;story-load-first-page-only&quot;:true,&quot;story-ad-page-outlink&quot;:false,&quot;amp-geo-ssr&quot;:true,&quot;story-remote-localization&quot;:true,&quot;attribution-reporting&quot;:false},&quot;sentinel&quot;:&quot;0-330183373638346537&quot;,&quot;clientId&quot;:null,&quot;container&quot;:null,&quot;initialConsentState&quot;:null,&quot;consentSharedData&quot;:null,&quot;initialConsentValue&quot;:null,&quot;initialConsentMetadata&quot;:null,&quot;pageViewId64&quot;:&quot;cozgzBWcOhGmkpCmowEbDQ&quot;,&quot;initialIntersection&quot;:{&quot;time&quot;:2631,&quot;rootBounds&quot;:{&quot;left&quot;:0,&quot;top&quot;:0,&quot;width&quot;:393,&quot;height&quot;:768,&quot;bottom&quot;:768,&quot;right&quot;:393,&quot;x&quot;:0,&quot;y&quot;:0},&quot;boundingClientRect&quot;:{&quot;left&quot;:24,&quot;top&quot;:1464,&quot;width&quot;:345,&quot;height&quot;:1,&quot;bottom&quot;:1465,&quot;right&quot;:369,&quot;x&quot;:24,&quot;y&quot;:1464},&quot;intersectionRect&quot;:{&quot;left&quot;:0,&quot;top&quot;:0,&quot;width&quot;:0,&quot;height&quot;:0,&quot;bottom&quot;:0,&quot;right&quot;:0,&quot;x&quot;:0,&quot;y&quot;:0},&quot;intersectionRatio&quot;:0}},&quot;type&quot;:&quot;teads&quot;}}\" width=\"300\" height=\"1\" scrolling=\"no\" sandbox=\"allow-top-navigation-by-user-activation allow-popups-to-escape-sandbox allow-forms allow-modals allow-pointer-lock allow-popups allow-same-origin allow-scripts\" data-amp-3p-sentinel=\"0-330183373638346537\" data-mce-fragment=\"1\"><\/iframe><\/p>\n<p class=\"body-paragraph \"><b>La operaci\u00f3n de Ham\u00e1s,<\/b> que incluy\u00f3 la toma de decenas de rehenes israel\u00edes, fue una incursi\u00f3n sin precedentes en Israel que ha sacudido la estabilidad y los mercados regionales.<\/p>\n<h2>Estados Unidos busca m\u00e1s ayuda a Israel despu\u00e9s del ataque<\/h2>\n<p class=\"body-paragraph \">El secretario de Estado, Antony Blinken, dijo que Estados Unidos est\u00e1 considerando las solicitudes israel\u00edes de ayuda militar adicional despu\u00e9s del <a href=\"https:\/\/www.elfinanciero.com.mx\/mundo\/2023\/10\/07\/que-es-hamas-y-por-que-tiene-una-guerra-eterna-con-israel-esto-es-lo-que-sabemos\/\" target=\"_top\" rel=\"noopener\">amplio ataque de los militantes de Ham\u00e1s, <\/a>adem\u00e1s de los 3,800 millones de d\u00f3lares anuales acordados durante el gobierno del expresidente Barack Obama.<\/p>\n<p class=\"body-paragraph \">\u201cEstamos analizando solicitudes adicionales espec\u00edficas que han hecho los israel\u00edes\u201d, dijo.<\/p>\n<p><iframe loading=\"lazy\" class=\"i-amphtml-fill-content\" title=\"Advertisement\" src=\"https:\/\/d-1040740593864888138.ampproject.net\/2309181453000\/frame.html\" name=\"{&quot;host&quot;:&quot;d-1040740593864888138.ampproject.net&quot;,&quot;bootstrap&quot;:&quot;https:\/\/3p.ampproject.net\/2309181453000\/vendor\/teads.mjs&quot;,&quot;type&quot;:&quot;teads&quot;,&quot;count&quot;:2,&quot;attributes&quot;:{&quot;pid&quot;:&quot;136761&quot;,&quot;ampSlotIndex&quot;:&quot;2&quot;,&quot;width&quot;:300,&quot;height&quot;:1,&quot;_context&quot;:{&quot;ampcontextVersion&quot;:&quot;2309181453000&quot;,&quot;ampcontextFilepath&quot;:&quot;https:\/\/3p.ampproject.net\/2309181453000\/ampcontext-v0.js&quot;,&quot;sourceUrl&quot;:&quot;https:\/\/www.elfinanciero.com.mx\/bloomberg\/2023\/10\/08\/israel-contra-palestina-van-600-israelies-muertos-por-ataque-de-hamas\/#origin=https%3A%2F%2Fwww.google.com&amp;cap=none&amp;webview=1&amp;dialog=1&amp;viewport=natural&amp;visibilityState=prerender&amp;prerenderSize=1&amp;viewerUrl=https%3A%2F%2Fwww.google.com%2Famp%2Fs%2Fwww-elfinanciero-com-mx.cdn.ampproject.org%2Fc%2Fs%2Fwww.elfinanciero.com.mx%2Fbloomberg%2F2023%2F10%2F08%2Fisrael-contra-palestina-van-600-israelies-muertos-por-ataque-de-hamas%2F&quot;,&quot;referrer&quot;:&quot;https:\/\/news.google.com\/&quot;,&quot;canonicalUrl&quot;:&quot;https:\/\/www.elfinanciero.com.mx\/bloomberg\/2023\/10\/08\/israel-contra-palestina-van-600-israelies-muertos-por-ataque-de-hamas\/&quot;,&quot;pageViewId&quot;:&quot;1866&quot;,&quot;location&quot;:{&quot;href&quot;:&quot;https:\/\/www-elfinanciero-com-mx.cdn.ampproject.org\/c\/s\/www.elfinanciero.com.mx\/bloomberg\/2023\/10\/08\/israel-contra-palestina-van-600-israelies-muertos-por-ataque-de-hamas\/#origin=https%3A%2F%2Fwww.google.com&amp;cap=none&amp;webview=1&amp;dialog=1&amp;viewport=natural&amp;visibilityState=prerender&amp;prerenderSize=1&amp;viewerUrl=https%3A%2F%2Fwww.google.com%2Famp%2Fs%2Fwww-elfinanciero-com-mx.cdn.ampproject.org%2Fc%2Fs%2Fwww.elfinanciero.com.mx%2Fbloomberg%2F2023%2F10%2F08%2Fisrael-contra-palestina-van-600-israelies-muertos-por-ataque-de-hamas%2F&quot;},&quot;startTime&quot;:1696784390938,&quot;tagName&quot;:&quot;AMP-AD&quot;,&quot;mode&quot;:{&quot;localDev&quot;:false,&quot;development&quot;:false,&quot;esm&quot;:true,&quot;test&quot;:false,&quot;rtvVersion&quot;:&quot;012309181453000&quot;},&quot;canary&quot;:false,&quot;hidden&quot;:false,&quot;initialLayoutRect&quot;:{&quot;left&quot;:24,&quot;top&quot;:2549,&quot;width&quot;:345,&quot;height&quot;:1},&quot;domFingerprint&quot;:&quot;3192864876&quot;,&quot;experimentToggles&quot;:{&quot;canary&quot;:false,&quot;a4aProfilingRate&quot;:false,&quot;doubleclickSraExp&quot;:false,&quot;doubleclickSraReportExcludedBlock&quot;:false,&quot;flexAdSlots&quot;:false,&quot;flexible-bitrate&quot;:false,&quot;ios-fixed-no-transfer&quot;:false,&quot;story-ad-placements&quot;:false,&quot;story-disable-animations-first-page&quot;:true,&quot;story-load-inactive-outside-viewport&quot;:true,&quot;amp-sticky-ad-to-amp-ad-v4&quot;:false,&quot;story-video-cache-apply-audio&quot;:false,&quot;amp-story-subscriptions&quot;:true,&quot;esm&quot;:true,&quot;amp-story-first-page-max-bitrate&quot;:false,&quot;story-load-first-page-only&quot;:true,&quot;story-ad-page-outlink&quot;:false,&quot;amp-geo-ssr&quot;:true,&quot;story-remote-localization&quot;:true,&quot;attribution-reporting&quot;:false},&quot;sentinel&quot;:&quot;0-1593119361265420212&quot;,&quot;clientId&quot;:null,&quot;container&quot;:null,&quot;initialConsentState&quot;:null,&quot;consentSharedData&quot;:null,&quot;initialConsentValue&quot;:null,&quot;initialConsentMetadata&quot;:null,&quot;pageViewId64&quot;:&quot;cozgzBWcOhGmkpCmowEbDQ&quot;,&quot;initialIntersection&quot;:{&quot;time&quot;:16644.000000000004,&quot;rootBounds&quot;:{&quot;left&quot;:0,&quot;top&quot;:0,&quot;width&quot;:393,&quot;height&quot;:768,&quot;bottom&quot;:768,&quot;right&quot;:393,&quot;x&quot;:0,&quot;y&quot;:0},&quot;boundingClientRect&quot;:{&quot;left&quot;:24,&quot;top&quot;:2327,&quot;width&quot;:345,&quot;height&quot;:1,&quot;bottom&quot;:2328,&quot;right&quot;:369,&quot;x&quot;:24,&quot;y&quot;:2327},&quot;intersectionRect&quot;:{&quot;left&quot;:0,&quot;top&quot;:0,&quot;width&quot;:0,&quot;height&quot;:0,&quot;bottom&quot;:0,&quot;right&quot;:0,&quot;x&quot;:0,&quot;y&quot;:0},&quot;intersectionRatio&quot;:0}},&quot;type&quot;:&quot;teads&quot;}}\" width=\"300\" height=\"1\" scrolling=\"no\" sandbox=\"allow-top-navigation-by-user-activation allow-popups-to-escape-sandbox allow-forms allow-modals allow-pointer-lock allow-popups allow-same-origin allow-scripts\" data-amp-3p-sentinel=\"0-1593119361265420212\" data-mce-fragment=\"1\"><\/iframe><\/p>\n<p class=\"body-paragraph \">Del lado europeo, la primera ministra francesa, Elisabeth Borne, pidi\u00f3 detener la escalada en la regi\u00f3n y dijo que Francia apoya a Israel despu\u00e9s de que el pa\u00eds fuera blanco de \u201cun ataque terrorista que se ha estado preparando durante mucho tiempo. Israel tiene derecho a estar seguro\u201d.<\/p>\n<p class=\"body-paragraph \"><b>El jefe de pol\u00edtica exterior de la UE, Josep Borrell<\/b>, dijo anteriormente que Israel tiene derecho a defenderse de acuerdo con el derecho internacional y que hab\u00eda hablado con el primer ministro palestino Mohammad Shtayyeh.<\/p>\n<p class=\"body-paragraph \">En tanto, las acciones se hunden en todo Medio Oriente a medida que reaccionan los mercados<\/p>\n<p class=\"body-paragraph \">Las consecuencias del ataque sorpresa repercutieron en los mercados de Medio Oriente, haciendo caer las acciones y marcando el tono de lo que probablemente ser\u00e1 una semana vol\u00e1til.<\/p>\n<p class=\"body-paragraph \">Los principales indicadores burs\u00e1tiles de la regi\u00f3n cayeron el domingo, liderados por una ca\u00edda del 6.4 por ciento en el \u00edndice burs\u00e1til de referencia TA-35 de Israel, su mayor p\u00e9rdida en m\u00e1s de tres a\u00f1os. El \u00edndice Tadawul All Share, de Riad, Arabia Saudita, cay\u00f3 1.6 por ciento, mientras que las acciones de Qatar y Kuwait tambi\u00e9n se debilitaron.<\/p>\n<h2>Israel ordena el cierre de escuelas y limita las reuniones<\/h2>\n<p class=\"body-paragraph \"><b>El Comando del Frente Interior de Israel<\/b> emiti\u00f3 \u00f3rdenes de cerrar escuelas en todo el pa\u00eds y limitar el tama\u00f1o de las reuniones, a partir de inmediato y hasta el martes 10 de octubre a las 18:00 horas.<\/p>\n<p class=\"body-paragraph \"><b>En las regiones sur y central, incluidas Jerusal\u00e9n y Tel Aviv<\/b>, las reuniones al aire libre se limitar\u00e1n a un m\u00e1ximo de 10 personas, mientras que las reuniones en interiores se limitar\u00e1n a 50. Los lugares de trabajo pueden permanecer abiertos, siempre que sea posible llegar r\u00e1pidamente a una refugio antia\u00e9reo.<\/p>\n<p>Con informaci\u00f3n de: El Financiero<\/p>\n","protected":false},"excerpt":{"rendered":"<p>Israel dijo que al menos 600 de sus ciudadanos han muerto desde que Ham\u00e1s atac\u00f3 el pa\u00eds, el s\u00e1bado 7 de octubre, mientras continuaban los combates en el sur. El ej\u00e9rcito intent\u00f3 recuperar el control de las zonas infiltradas por militantes de la Franja de Gaza. Israel dijo que ahora tiene control total sobre al [&hellip;]<\/p>\n","protected":false},"author":2,"featured_media":49658,"comment_status":"open","ping_status":"open","sticky":false,"template":"","format":"standard","meta":{"om_disable_all_campaigns":false,"_monsterinsights_skip_tracking":false,"_monsterinsights_sitenote_active":false,"_monsterinsights_sitenote_note":"","_monsterinsights_sitenote_category":0,"_uf_show_specific_survey":0,"_uf_disable_surveys":false,"_jetpack_memberships_contains_paid_content":false,"footnotes":"","jetpack_publicize_message":"Israel contra Palestina: Van 600 israel\u00edes muertos por ataque de Ham\u00e1s","jetpack_publicize_feature_enabled":true,"jetpack_social_post_already_shared":true,"jetpack_social_options":{"image_generator_settings":{"template":"highway","default_image_id":0,"enabled":false},"version":2}},"categories":[18],"tags":[],"class_list":{"0":"post-49657","1":"post","2":"type-post","3":"status-publish","4":"format-standard","5":"has-post-thumbnail","7":"category-internacional"},"aioseo_notices":[],"jetpack_publicize_connections":[],"jetpack_featured_media_url":"https:\/\/mediagroup.mx\/wp-content\/uploads\/2023\/10\/IMG_5559.jpeg","jetpack_sharing_enabled":true,"_links":{"self":[{"href":"https:\/\/mediagroup.mx\/index.php\/wp-json\/wp\/v2\/posts\/49657","targetHints":{"allow":["GET"]}}],"collection":[{"href":"https:\/\/mediagroup.mx\/index.php\/wp-json\/wp\/v2\/posts"}],"about":[{"href":"https:\/\/mediagroup.mx\/index.php\/wp-json\/wp\/v2\/types\/post"}],"author":[{"embeddable":true,"href":"https:\/\/mediagroup.mx\/index.php\/wp-json\/wp\/v2\/users\/2"}],"replies":[{"embeddable":true,"href":"https:\/\/mediagroup.mx\/index.php\/wp-json\/wp\/v2\/comments?post=49657"}],"version-history":[{"count":1,"href":"https:\/\/mediagroup.mx\/index.php\/wp-json\/wp\/v2\/posts\/49657\/revisions"}],"predecessor-version":[{"id":49659,"href":"https:\/\/mediagroup.mx\/index.php\/wp-json\/wp\/v2\/posts\/49657\/revisions\/49659"}],"wp:featuredmedia":[{"embeddable":true,"href":"https:\/\/mediagroup.mx\/index.php\/wp-json\/wp\/v2\/media\/49658"}],"wp:attachment":[{"href":"https:\/\/mediagroup.mx\/index.php\/wp-json\/wp\/v2\/media?parent=49657"}],"wp:term":[{"taxonomy":"category","embeddable":true,"href":"https:\/\/mediagroup.mx\/index.php\/wp-json\/wp\/v2\/categories?post=49657"},{"taxonomy":"post_tag","embeddable":true,"href":"https:\/\/mediagroup.mx\/index.php\/wp-json\/wp\/v2\/tags?post=49657"}],"curies":[{"name":"wp","href":"https:\/\/api.w.org\/{rel}","templated":true}]}}