{"id":49791,"date":"2023-10-17T23:40:26","date_gmt":"2023-10-17T23:40:26","guid":{"rendered":"https:\/\/mediagroup.mx\/?p=49791"},"modified":"2023-10-17T23:40:26","modified_gmt":"2023-10-17T23:40:26","slug":"alistan-tianguis-y-concurso-artesanal-de-noche-de-muertos-en-michoacan","status":"publish","type":"post","link":"https:\/\/mediagroup.mx\/index.php\/2023\/10\/17\/alistan-tianguis-y-concurso-artesanal-de-noche-de-muertos-en-michoacan\/","title":{"rendered":"Alistan tianguis y concurso artesanal de Noche de Muertos en Michoac\u00e1n"},"content":{"rendered":"<p style=\"text-align: justify;\">El Instituto del Artesano Michoacano inform\u00f3 en rueda de prensa el LCI Concurso Estatal de Artesan\u00edas con motivo de la Noche de Muertos y Tianguis Artesanal en P\u00e1tzcuaro, en la Plaza Don Vasco de Quiroga, del 28 de octubre al 5 de noviembre.<\/p>\n<p style=\"text-align: justify;\">Tamara Sosa Alan\u00eds, secretaria de Cultura del estado, destac\u00f3 el incremento de la bolsa de premios y comparti\u00f3 que el Colegio Jesuita ser\u00e1 sede de este concurso, adem\u00e1s de que se preparan una serie de actividades en P\u00e1tzcuaro en torno a la Noche de \u00c1nimas.<\/p>\n<p style=\"text-align: justify;\">C\u00e1stor Estrada Robles, titular del IAM, inform\u00f3 que en el tianguis se tiene espacio para 300 artesanos y para el concurso se espera recibir alrededor de 2 mil piezas.<\/p>\n<p>Por: Jes\u00fas Gonz\u00e1lez<\/p>\n","protected":false},"excerpt":{"rendered":"<p>El Instituto del Artesano Michoacano inform\u00f3 en rueda de prensa el LCI Concurso Estatal de Artesan\u00edas con motivo de la Noche de Muertos y Tianguis Artesanal en P\u00e1tzcuaro, en la Plaza Don Vasco de Quiroga, del 28 de octubre al 5 de noviembre. Tamara Sosa Alan\u00eds, secretaria de Cultura del estado, destac\u00f3 el incremento de [&hellip;]<\/p>\n","protected":false},"author":2,"featured_media":49792,"comment_status":"open","ping_status":"open","sticky":false,"template":"","format":"standard","meta":{"om_disable_all_campaigns":false,"_monsterinsights_skip_tracking":false,"_monsterinsights_sitenote_active":false,"_monsterinsights_sitenote_note":"","_monsterinsights_sitenote_category":0,"_uf_show_specific_survey":0,"_uf_disable_surveys":false,"_jetpack_memberships_contains_paid_content":false,"footnotes":"","jetpack_publicize_message":"Alistan tianguis y concurso artesanal de Noche de Muertos en Michoac\u00e1n","jetpack_publicize_feature_enabled":true,"jetpack_social_post_already_shared":true,"jetpack_social_options":{"image_generator_settings":{"template":"highway","default_image_id":0,"enabled":false},"version":2}},"categories":[25],"tags":[],"class_list":{"0":"post-49791","1":"post","2":"type-post","3":"status-publish","4":"format-standard","5":"has-post-thumbnail","7":"category-cultura"},"aioseo_notices":[],"jetpack_publicize_connections":[],"jetpack_featured_media_url":"https:\/\/mediagroup.mx\/wp-content\/uploads\/2023\/10\/WhatsApp-Image-2023-10-17-at-4.01.29-PM.jpeg","jetpack_sharing_enabled":true,"_links":{"self":[{"href":"https:\/\/mediagroup.mx\/index.php\/wp-json\/wp\/v2\/posts\/49791","targetHints":{"allow":["GET"]}}],"collection":[{"href":"https:\/\/mediagroup.mx\/index.php\/wp-json\/wp\/v2\/posts"}],"about":[{"href":"https:\/\/mediagroup.mx\/index.php\/wp-json\/wp\/v2\/types\/post"}],"author":[{"embeddable":true,"href":"https:\/\/mediagroup.mx\/index.php\/wp-json\/wp\/v2\/users\/2"}],"replies":[{"embeddable":true,"href":"https:\/\/mediagroup.mx\/index.php\/wp-json\/wp\/v2\/comments?post=49791"}],"version-history":[{"count":1,"href":"https:\/\/mediagroup.mx\/index.php\/wp-json\/wp\/v2\/posts\/49791\/revisions"}],"predecessor-version":[{"id":49793,"href":"https:\/\/mediagroup.mx\/index.php\/wp-json\/wp\/v2\/posts\/49791\/revisions\/49793"}],"wp:featuredmedia":[{"embeddable":true,"href":"https:\/\/mediagroup.mx\/index.php\/wp-json\/wp\/v2\/media\/49792"}],"wp:attachment":[{"href":"https:\/\/mediagroup.mx\/index.php\/wp-json\/wp\/v2\/media?parent=49791"}],"wp:term":[{"taxonomy":"category","embeddable":true,"href":"https:\/\/mediagroup.mx\/index.php\/wp-json\/wp\/v2\/categories?post=49791"},{"taxonomy":"post_tag","embeddable":true,"href":"https:\/\/mediagroup.mx\/index.php\/wp-json\/wp\/v2\/tags?post=49791"}],"curies":[{"name":"wp","href":"https:\/\/api.w.org\/{rel}","templated":true}]}}