{"id":49800,"date":"2023-10-17T23:48:55","date_gmt":"2023-10-17T23:48:55","guid":{"rendered":"https:\/\/mediagroup.mx\/?p=49800"},"modified":"2023-10-17T23:48:55","modified_gmt":"2023-10-17T23:48:55","slug":"ataque-a-hospital-en-gaza-paises-arabes-condenan-crimen-atroz-de-israel","status":"publish","type":"post","link":"https:\/\/mediagroup.mx\/index.php\/2023\/10\/17\/ataque-a-hospital-en-gaza-paises-arabes-condenan-crimen-atroz-de-israel\/","title":{"rendered":"Ataque a Hospital en Gaza: Pa\u00edses \u00e1rabes condenan \u2018crimen atroz\u2019 de Israel"},"content":{"rendered":"<p class=\"default__StyledText-kkhi2r-0 cGAawy body-paragraph\" style=\"text-align: justify;\">Un\u00a0<a href=\"https:\/\/www.elfinanciero.com.mx\/mundo\/2023\/10\/17\/israel-bombardea-hospital-en-gaza-hay-al-menos-500-muertos-la-mayoria-ninos-y-mujeres\/\" target=\"_blank\" rel=\"noopener\">bombardeo israel\u00ed sobre un hospital de la ciudad de Gaza<\/a>\u00a0caus\u00f3 este martes al menos 500 muertos, confirm\u00f3 a EFE una portavoz del Ministerio de Sanidad de la Franja, controlada por el grupo islamista Ham\u00e1s.<\/p>\n<p class=\"default__StyledText-kkhi2r-0 cGAawy body-paragraph\" style=\"text-align: justify;\">Supone la mayor masacre en el enclave de las cinco guerras que ha habido entre las milicias palestinas de Gaza e Israel desde 2008.<\/p>\n<p class=\"default__StyledText-kkhi2r-0 cGAawy body-paragraph\" style=\"text-align: justify;\">El ataque al\u00a0<b>Hospital Al Ahli, un centro sanitario cristiano en la ciudad de Gaza<\/b>, se produce en el und\u00e9cimo d\u00eda de la guerra de Israel contra las milicias de la Franja, marcado por los intensos bombardeos en toda la zona, donde miles de civiles palestinos se refugian en centros sanitarios, desbordados de heridos.<\/p>\n<p class=\"default__StyledText-kkhi2r-0 cGAawy body-paragraph\" style=\"text-align: justify;\">Te contamos todo lo que sucede alrededor del bombardeo al hospital en Gaza este martes 17 de octubre.<\/p>\n<h2 class=\"heading__StyledHeading-sc-1yxtfv0-0 dQdSuo\" style=\"text-align: justify;\">Palestinos protestan en Cisjordania por masacre en hospital<\/h2>\n<p class=\"default__StyledText-kkhi2r-0 cGAawy body-paragraph\" style=\"text-align: justify;\">Luego del ataque al centro de salud en el norte de Gaza, que ha dejado cientos de personas sin vida, las autoridades de diversos pa\u00edses de la regi\u00f3n y de otras zonas del mundo condenan el ataque y piden que se esclarezcan los hechos.<\/p>\n<p class=\"default__StyledText-kkhi2r-0 cGAawy body-paragraph fi-aic_280\" style=\"text-align: justify;\">En Cisjordania, el otro territorio palestino, la comunidad \u00e1rabe ha salido a las calles a protestar por los hechos ocurridos en Gaza. Las manifestaciones se extendieron r\u00e1pidamente por las ciudades de Nab<b>lus, Ramala, Tubas, Qalqilya, Hebr\u00f3n y Tulkarem<\/b>, entre otras.<\/p>\n<p class=\"default__StyledText-kkhi2r-0 cGAawy body-paragraph\" style=\"text-align: justify;\">\u201cLos participantes en la manifestaci\u00f3n ondearon banderas palestinas y recorrieron las calles coreando \u2018Dios es grande\u2019 y c\u00e1nticos nacionalistas furiosos denunciando los cr\u00edmenes de la ocupaci\u00f3n (israel\u00ed) y su continua agresi\u00f3n contra nuestro indefenso pueblo en la Franja de Gaza\u201d, detall\u00f3 Wafa, la agencia oficial de noticias.<\/p>\n<p class=\"default__StyledText-kkhi2r-0 cGAawy body-paragraph\" style=\"text-align: justify;\">Por otra parte, los servicios de emergencia palestinos informaron de que\u00a0<b>al menos ocho personas resultaron heridas por disparos del Ej\u00e9rcito israel\u00ed\u00a0<\/b>durante\u00a0<a href=\"https:\/\/www.elfinanciero.com.mx\/mundo\/2023\/10\/14\/crisis-en-cisjordania-colonos-israelies-atacan-a-palestinos-mientras-el-mundo-mira-hacia-gaza\/\" target=\"_blank\" rel=\"noopener\">enfrentamientos desencadenados en distintos puntos de Cisjordania.<\/a><\/p>\n<h2 class=\"heading__StyledHeading-sc-1yxtfv0-0 dQdSuo fi-aic_280\" style=\"text-align: justify;\">\u2018Es un crimen de guerra intolerable\u2019: Pa\u00edses se pronuncian contra la masacre en hospital Al Ahli<\/h2>\n<p class=\"default__StyledText-kkhi2r-0 cGAawy body-paragraph\" style=\"text-align: justify;\">El l\u00edder pol\u00edtico del movimiento Ham\u00e1s, Ismail Haniye, afirm\u00f3 este martes que la masacre supondr\u00e1 \u201cun punto de inflexi\u00f3n\u201d en la operaci\u00f3n \u201cTormenta de Al Aqsa\u201d contra Israel.<\/p>\n<p class=\"default__StyledText-kkhi2r-0 cGAawy body-paragraph\" style=\"text-align: justify;\">El Ministerio de Exteriores de\u00a0<b>Qatar<\/b>\u00a0ha calificado como una \u201cmasacre brutal\u201d y \u201ccrimen atroz contra civiles indefensos\u201d el ataque contra el hospital, que ha sido achacado a Israel. Este gobierno apunt\u00f3 que \u201cpresagia consecuencias nefastas para la estabilidad de la regi\u00f3n\u201d y acus\u00f3 el \u201csilencio c\u00f3mplice de Occidente\u201d.<\/p>\n<p class=\"default__StyledText-kkhi2r-0 cGAawy body-paragraph fi-aic_280\" style=\"text-align: justify;\">En\u00a0<a href=\"https:\/\/www.elfinanciero.com.mx\/mundo\/2023\/10\/13\/israel-lanza-ataque-aereo-en-frontera-con-libano-un-periodista-muere-y-otros-6-estan-heridos\/\" target=\"_blank\" rel=\"noopener\"><b>L\u00edbano<\/b><\/a>, el primer ministro Najib Mikati anunci\u00f3 que el mi\u00e9rcoles ser\u00e1<b>\u00a0un d\u00eda de luto nacional\u00a0<\/b>por las v\u00edctimas ca\u00eddas. Se espera que todas las banderas izadas sean bajadas como se\u00f1al de duelo.<\/p>\n<p class=\"default__StyledText-kkhi2r-0 cGAawy body-paragraph\" style=\"text-align: justify;\"><b>Arabia Saud\u00ed<\/b>\u00a0ya ha condenado tambi\u00e9n este crimen cometido por las \u201cfuerzas de ocupaci\u00f3n israel\u00edes\u201d en el hospital. El reino \u00e1rabe rechaz\u00f3 el brutal ataque y apunt\u00f3 que constituye \u201cuna flagrante violaci\u00f3n de todas las leyes y normas internacionales, incluido la ley internacional humanitaria\u201d, y denunci\u00f3 que \u201cla ocupaci\u00f3n israel\u00ed no detiene sus continuos ataques contra civiles a pesar de numerosos llamamientos internacionales\u201d.<\/p>\n<p class=\"default__StyledText-kkhi2r-0 cGAawy body-paragraph fi-aic_280\" style=\"text-align: justify;\">\u201cEste peligroso acontecimiento obliga a la comunidad internacional a abandonar su doble moral a la hora de aplicar la ley internacional humanitaria cuando se trata de pr\u00e1cticas criminales israel\u00edes\u201d, dijo Arabia Saud\u00ed.<\/p>\n<p class=\"default__StyledText-kkhi2r-0 cGAawy body-paragraph\" style=\"text-align: justify;\">El rey de\u00a0<b>Jordania<\/b>, Abdal\u00e1 II, consider\u00f3 una \u201cmasacre\u201d y un \u201catroz crimen de guerra que no se puede tolerar\u201d el ataque de hoy.\u00a0<b>\u201cIsrael debe detener inmediatamente su brutal agresi\u00f3n contra Gaza\u201d<\/b>, apunt\u00f3 el monarca en un comunicado.<\/p>\n<p class=\"default__StyledText-kkhi2r-0 cGAawy body-paragraph\" style=\"text-align: justify;\">Advirti\u00f3 de que \u201cesta guerra, que ha entrado en una fase peligrosa, arrastrar\u00e1 a la regi\u00f3n a una cat\u00e1strofe de consecuencias nefastas\u201d y llam\u00f3 a la comunidad internacional a que ponga \u201cfin al derramamiento de sangre, cuya continuaci\u00f3n constituye\u00a0<b>una verg\u00fcenza para la humanidad<\/b>\u201d.<\/p>\n<p class=\"default__StyledText-kkhi2r-0 cGAawy body-paragraph\" style=\"text-align: justify;\">El rey jordano asever\u00f3 que Jordania permanecer\u00e1 \u201ca la vanguardia de la defensa de los derechos de los hermanos palestinos y de su justa causa\u201d.<\/p>\n<p class=\"default__StyledText-kkhi2r-0 cGAawy body-paragraph\" style=\"text-align: justify;\"><b>Bar\u00e9in\u00a0<\/b>tambi\u00e9n pidi\u00f3 a la comunidad internacional que intervenga para detener la escalada de violencia y reactivar un proceso de paz que ponga fin a la guerra entre Israel y el grupo Ham\u00e1s en el enclave palestino. Entre sus solicitudes, tambi\u00e9n a\u00f1adi\u00f3<b>\u00a0la apertura de \u201chospitales urgentes y corredores humanitarios\u00a0<\/b>para llevar ayuda m\u00e9dica y de socorro, alimentos, agua, electricidad y combustible a la Franja de Gaza\u201d.<\/p>\n<p class=\"default__StyledText-kkhi2r-0 cGAawy body-paragraph fi-aic_280\" style=\"text-align: justify;\">A diferencia del resto de pa\u00edses \u00e1rabes, en su comunicado, Bar\u00e9in reiter\u00f3 su apoyo a \u201ccualquier esfuerzo regional o internacional que pueda calmar la situaci\u00f3n, detener la violencia y la escalada, y reactivar el proceso de paz justo y global en la regi\u00f3n de Medio Oriente\u201d.<\/p>\n<p class=\"default__StyledText-kkhi2r-0 cGAawy body-paragraph\" style=\"text-align: justify;\"><b>Genocidio y crimen de guerra fueron tambi\u00e9n palabras elegidas por Om\u00e1n<\/b>, uno de los pa\u00edses m\u00e1s neutrales de Medio Oriente y principal mediador en sus conflictos.<\/p>\n<p class=\"default__StyledText-kkhi2r-0 cGAawy body-paragraph fi-aic_280\" style=\"text-align: justify;\"><b>Marruecos\u00a0<\/b>subray\u00f3 la necesidad urgente de que la comunidad internacional realice esfuerzos para poner fin al conflicto. Y pide que se respeten las normas humanitarias internacionales.<\/p>\n<p class=\"default__StyledText-kkhi2r-0 cGAawy body-paragraph\" style=\"text-align: justify;\"><a href=\"https:\/\/www.elfinanciero.com.mx\/tags\/irak\/\" target=\"_blank\" rel=\"noopener\">Irak\u00a0<\/a>declar\u00f3 hoy<b>\u00a0tres d\u00edas de luto nacional\u00a0<\/b>por los fallecidos en el bombardeo de un hospital en el centro de Gaza, y exigi\u00f3 a la comunidad internacional que se implique para poner fin a los \u201cataques hostiles\u201d de Israel contra el enclave palestino. Ante los \u00faltimos acontecimientos, hizo un llamamiento a los\u00a0<b>\u201chermanos \u00e1rabes, pa\u00edses amigos y al mundo libre\u201d<\/b>\u00a0para que adopten una \u201cposici\u00f3n unificada\u201d mediante \u201cla emisi\u00f3n de una resoluci\u00f3n urgente e inmediata del Consejo de Seguridad de la ONU para detener esta flagrante y fea agresi\u00f3n\u201d.<\/p>\n<p class=\"default__StyledText-kkhi2r-0 cGAawy body-paragraph fi-aic_280\" style=\"text-align: justify;\">Mientras tanto, el alto representante de la Uni\u00f3n Europea para Asuntos Exteriores y Pol\u00edtica de Seguridad, Josep Borrell, pidi\u00f3 este martes\u00a0<b>que se establezca \u201cclaramente\u201d la responsabilidad del ataque a un hospital de Gaza<\/b>\u00a0para que sus responsables puedan \u201crendir cuentas\u201d.<\/p>\n<p class=\"default__StyledText-kkhi2r-0 cGAawy body-paragraph\" style=\"text-align: justify;\">\u201cLas noticias procedentes del hospital bautista Al-Ahli Arabi de Gaza a\u00f1aden horror a la tragedia que se desarrolla ante nuestros ojos desde hace d\u00edas\u201d, asegur\u00f3 Borrell en su cuenta oficial en X (antes Twitter).<\/p>\n<p class=\"default__StyledText-kkhi2r-0 cGAawy body-paragraph fi-aic_280\" style=\"text-align: justify;\">El primer ministro de Canad\u00e1,\u00a0<b>Justin Trudeau<\/b>, dijo que es inaceptable y contrario a las leyes internacionales lo que ha ocurrido. Ante la prensa en el Parlamento canadiense, destac\u00f3 que existen leyes humanitarias que deben ser respetadas: \u201cHay normas en las guerras y no es aceptable. Es horroroso\u201d.<\/p>\n<p class=\"default__StyledText-kkhi2r-0 cGAawy body-paragraph fi-aic_280\" style=\"text-align: justify;\">El\u00a0<a href=\"https:\/\/www.elfinanciero.com.mx\/mundo\/2023\/10\/17\/bombardeo-en-hospital-de-gaza-hamas-e-israel-se-culpan-mutuamente-por-muerte-de-500-personas\/\" target=\"_blank\" rel=\"noopener\">Ej\u00e9rcito israel\u00ed ha asegurado que la explosi\u00f3n<\/a>\u00a0que caus\u00f3 la muerte de 500 palestinos en un hospital de Gaza se debi\u00f3 a un lanzamiento fallido de cohetes por milicianos del grupo Yihad Isl\u00e1mica Palestina (YIP) hacia Israel. Esto mientras Ham\u00e1s, el grupo radical de Gaza, ha se\u00f1alado a Israel por el incidente.<\/p>\n<h2 class=\"heading__StyledHeading-sc-1yxtfv0-0 dQdSuo fi-aic_280\" style=\"text-align: justify;\">Jordania cancela cumbre con Biden y Autoridad Palestina tras el ataque<\/h2>\n<p class=\"default__StyledText-kkhi2r-0 cGAawy body-paragraph\" style=\"text-align: justify;\"><b>Jordania decidi\u00f3 no acoger la cumbre cuatripartita<\/b>\u00a0que estaba prevista para este mi\u00e9rcoles 18 de octubre, en Am\u00e1n, con la participaci\u00f3n del presidente estadounidense, Joe Biden, inform\u00f3 el ministro de Exteriores Ayman Safadi.<\/p>\n<p class=\"default__StyledText-kkhi2r-0 cGAawy body-paragraph fi-aic_280\" style=\"text-align: justify;\">En la agenda del encuentro de Biden con los principales mediadores \u00e1rabes en la guerra en la Franja de Gaza -Egipto, Jordania y la Autoridad Nacional Palestina-, constaba la b\u00fasqueda de v\u00edas para llevar ayuda humanitaria a la Franja de Gaza, as\u00ed como lograr la salida de los extranjeros all\u00ed bloqueados y contener la escalada del conflicto.<\/p>\n<p class=\"default__StyledText-kkhi2r-0 cGAawy body-paragraph fi-aic_280\" style=\"text-align: justify;\">M\u00e1s temprano, el\u00a0<a href=\"https:\/\/www.elfinanciero.com.mx\/mundo\/2023\/10\/14\/perfil-quien-es-mahmud-abas-lider-de-la-autoridad-palestina-que-ha-sido-mediador-politico-con-israel\/\" target=\"_blank\" rel=\"noopener\">presidente Mahmud Abbas<\/a>\u00a0cancel\u00f3 su participaci\u00f3n en una reuni\u00f3n con Biden y los dem\u00e1s mandatarios \u00e1rabes, inform\u00f3 un comunicado de presidencia.<\/p>\n<p class=\"default__StyledText-kkhi2r-0 cGAawy body-paragraph\" style=\"text-align: justify;\">Abbas ten\u00eda previsto participar en la cumbre junto con\u00a0<b>el rey Abdal\u00e1 II de Jordania\u00a0<\/b>y el\u00a0<b>presidente egipcio Abdel Fattah el-Sissi.<\/b><\/p>\n<p class=\"default__StyledText-kkhi2r-0 cGAawy body-paragraph fi-aic_280\" style=\"text-align: justify;\">Sin embargo, Abbas no acudir\u00eda a la reuni\u00f3n para protestar contra un presunto ataque a\u00e9reo israel\u00ed contra un hospital en Gaza que, de acuerdo con las autoridades sanitarias de Ham\u00e1s, ha dejado m\u00e1s de 500 muertos.<\/p>\n<p class=\"default__StyledText-kkhi2r-0 cGAawy body-paragraph\" style=\"text-align: justify;\"><b>Joe Biden parte este martes por la tarde hacia Israel, pero finalmente no viajar\u00e1 a Jordania<\/b>, despu\u00e9s de que los l\u00edderes \u00e1rabes cancelaran la reuni\u00f3n por el bombardeo a la cl\u00ednica en Gaza.<\/p>\n<p class=\"default__StyledText-kkhi2r-0 cGAawy body-paragraph fi-aic_280\" style=\"text-align: justify;\">\u201cTras consultar con el rey Abdal\u00e1 II de Jordania y a la luz de los d\u00edas de luto anunciados por el presidente Ab\u00e1s de la Autoridad Palestina, el presidente Biden pospondr\u00e1 su viaje a Jordania y la reuni\u00f3n prevista con estos dos dirigentes y el presidente Sisi de Egipto\u201d, apuntaron fuentes de la Casa Blanca.<\/p>\n<h2 class=\"heading__StyledHeading-sc-1yxtfv0-0 dQdSuo fi-aic_280\" style=\"text-align: justify;\">Hezbol\u00e1 llama a un \u2018d\u00eda de ira\u2019<\/h2>\n<p class=\"default__StyledText-kkhi2r-0 cGAawy body-paragraph\" style=\"text-align: justify;\">El grupo chi\u00ed de L\u00edbano,\u00a0<b>Hezbol\u00e1<\/b>, pidi\u00f3 que el mi\u00e9rcoles sea un d\u00eda \u201cde ira sin precedentes\u201d contra Israel y llam\u00f3 a la poblaci\u00f3n a que salga a las calles al considerar que \u201clas denuncias ya no son suficientes\u201d.<\/p>\n<p class=\"default__StyledText-kkhi2r-0 cGAawy body-paragraph fi-aic_280\" style=\"text-align: justify;\">\u201dDejad que ma\u00f1ana, mi\u00e9rcoles, sea un d\u00eda de ira sin precedentes contra el enemigo y sus cr\u00edmenes, y contra la visita del (presidente estadounidense Joe) Biden a la entidad sionista para cubrir y protegerla\u201d.<\/p>\n<p class=\"default__StyledText-kkhi2r-0 cGAawy body-paragraph\" style=\"text-align: justify;\">\u201dTodos<b>\u00a0los comunicados de condena y las denuncias ya no son suficientes<\/b>, y llamamos a las gentes de nuestra naci\u00f3n \u00e1rabe e isl\u00e1mica a que tomen acciones inmediatas en las calles y plazas para expresar su intensa ira y poner presi\u00f3n sobre los gobiernos\u201d, agrega el comunicado del grupo liban\u00e9s.<\/p>\n<h1 class=\"heading__StyledHeading-sc-1yxtfv0-0 dQdSuo fi-aic_280\" style=\"text-align: justify;\">Autoridad Palestina responsabiliza a Israel del ataque al hospital<\/h1>\n<p class=\"default__StyledText-kkhi2r-0 cGAawy body-paragraph\" style=\"text-align: justify;\">La\u00a0<a href=\"https:\/\/www.elfinanciero.com.mx\/mundo\/2023\/10\/10\/hamas-vs-fatah-en-que-se-diferencian-las-dos-facciones-mas-poderosas-de-palestina\/\" target=\"_blank\" rel=\"noopener\">Autoridad Nacional Palestina (ANP)<\/a>\u00a0ha responsabilizado a Israel del bombardeo del hospital anglicano Al Ahli en Gaza, afirmando que supone<b>\u00a0un crimen contra la humanidad\u00a0<\/b>y que Israel debe responder por ello ante los tribunales internacionales.<\/p>\n<p class=\"default__StyledText-kkhi2r-0 cGAawy body-paragraph fi-aic_280\" style=\"text-align: justify;\">Adem\u00e1s, se han declarado<b>\u00a0tres d\u00edas de luto nacional.<\/b><\/p>\n<p class=\"default__StyledText-kkhi2r-0 cGAawy body-paragraph\" style=\"text-align: justify;\">\u201d<b>Lo que han hecho las fuerzas de ocupaci\u00f3n israel\u00edes bombardeando el hospital anglicano<\/b>\u00a0causando la muerte de cientos de personas<b>\u00a0es un crimen de exterminio y una cat\u00e1strofe humanitaria\u00a0<\/b>de la que\u00a0<b>Israel tiene toda la responsabilidad y por el que debe rendir cuentas\u00a0<\/b>ante los tribunales internacionales\u201d, dijo el portavoz de presidencia de la ANP, Nabil Abu Rudeina, a la agencia oficial Wafa.<\/p>\n<p class=\"default__StyledText-kkhi2r-0 cGAawy body-paragraph fi-aic_280\" style=\"text-align: justify;\">Pidi\u00f3 a la comunidad internacional \u201cintervenir de forma urgente para poner fin a los ataques israel\u00edes contra Gaza\u201d, subrayando que el ataque a un hospital demuestra que Israel \u201cno respeta ning\u00fan principio ni ley internacional\u201d en esta guerra.<\/p>\n<p class=\"default__StyledText-kkhi2r-0 cGAawy body-paragraph\" style=\"text-align: justify;\">La ANP, organismo controlado por el partido\u00a0<b>Fatah<\/b>, enfrentado con\u00a0<a href=\"https:\/\/www.elfinanciero.com.mx\/nacional\/2023\/10\/16\/guerra-en-israel-busca-cancilleria-contacto-con-hamas-para-liberar-a-dos-mexicanos\/\" target=\"_blank\" rel=\"noopener\">Ham\u00e1s\u00a0<\/a>desde una sangrienta lucha por el poder en 2006, ha ordenado tres d\u00edas de luto y la bajada de las banderas a media asta en el territorio que administra,\u00a0<b class=\"fi-aic_280\">la Cisjordania ocupada por Israel.<\/b><\/p>\n<h2 class=\"heading__StyledHeading-sc-1yxtfv0-0 dQdSuo\" style=\"text-align: justify;\">M\u00e9dicos Sin Fronteras reacciona a la masacre en hospital<\/h2>\n<p class=\"default__StyledText-kkhi2r-0 cGAawy body-paragraph\" style=\"text-align: justify;\">La ONG internacional<b>\u00a0<\/b><a href=\"https:\/\/www.elfinanciero.com.mx\/mundo\/2023\/10\/14\/doctora-mexicana-fue-trasladada-al-sur-de-gaza-msf-denuncia-crisis-humanitaria\/\" target=\"_blank\" rel=\"noopener\"><b>MSF\u00a0<\/b><\/a><b>declar\u00f3 que est\u00e1 horrorizada por el bombardeo del hospital Ahli<\/b>, que acog\u00eda a gazat\u00edes desplazados de otros barrios, adem\u00e1s de atender a pacientes.<\/p>\n<p class=\"default__StyledText-kkhi2r-0 cGAawy body-paragraph fi-aic_280\" style=\"text-align: justify;\">\u201dEst\u00e1bamos operando en el hospital, hubo una fuerte explosi\u00f3n y el techo cay\u00f3 sobre el quir\u00f3fano.\u00a0<b>Esto es una masacre<\/b>\u201d, afirma el doctor Ghassan Abu Sittah, m\u00e9dico de MSF en Gaza, en un comunicado distribuido por la organizaci\u00f3n humanitaria.<\/p>\n<p class=\"default__StyledText-kkhi2r-0 cGAawy body-paragraph\" style=\"text-align: justify;\">\u201d<b>Nada justifica este espantoso ataque contra un hospital\u00a0<\/b>y sus numerosos pacientes y trabajadores sanitarios, as\u00ed como contra las personas que buscaban refugio all\u00ed. Los hospitales no son un objetivo. Este derramamiento de sangre debe terminar. Ya basta\u201d, dice el comunicado de MSF.<\/p>\n<h2 class=\"heading__StyledHeading-sc-1yxtfv0-0 dQdSuo fi-aic_280\" style=\"text-align: justify;\">\u00bfQu\u00e9 ha dicho EU sobre el ataque a\u00e9reo a hospital en Gaza?<\/h2>\n<p class=\"default__StyledText-kkhi2r-0 cGAawy body-paragraph\" style=\"text-align: justify;\">La portavoz del Pent\u00e1gono Sabrina Singh evit\u00f3 este martes hacer comentarios sobre el bombardeo israel\u00ed de un hospital en Gaza que habr\u00eda dejado m\u00e1s de 500 muertos.<\/p>\n<p class=\"default__StyledText-kkhi2r-0 cGAawy body-paragraph fi-aic_280\" style=\"text-align: justify;\">En una rueda de prensa, dijo que no puede dar por ahora una opini\u00f3n al respecto porqu<b>e desconoce \u201cqui\u00e9n es el responsable\u201d<\/b>\u00a0del ataque y todav\u00eda no se tienen \u201ctodos los detalles\u201d de lo ocurrido.<\/p>\n<p class=\"default__StyledText-kkhi2r-0 cGAawy body-paragraph\" style=\"text-align: justify;\">Adem\u00e1s, sobre las muertes de civiles en Gaza por los bombardeos israel\u00edes sostuvo que es Ham\u00e1s quien pone a los palestinos \u201cen riesgo\u201d.<\/p>\n<h1 class=\"heading__StyledHeading-sc-1yxtfv0-0 dQdSuo fi-aic_280\" style=\"text-align: justify;\">Liga \u00c1rabe se pregunta qu\u00e9 \u201cmente infernal\u201d atac\u00f3 deliberadamente el hospital de Gaza<\/h1>\n<p class=\"default__StyledText-kkhi2r-0 cGAawy body-paragraph\" style=\"text-align: justify;\">El secretario general de la Liga \u00c1rabe, Ahmed Abulgueit, se pregunt\u00f3 hoy qu\u00e9 \u201cmente infernal\u201d, en referencia a Israel, puede atacar \u201cdeliberadamente\u201d un hospital con internos desarmados en Gaza.<\/p>\n<p class=\"default__StyledText-kkhi2r-0 cGAawy body-paragraph fi-aic_280\" style=\"text-align: justify;\">\u201d\u00bfQu\u00e9 mente infernal ataca un hospital que acoge gente desarmada deliberadamente? Nuestra herramientas \u00e1rabes documentan los cr\u00edmenes de guerra y los que cometieron esos cr\u00edmenes no van a quedar impunes. Occidente tiene que parar esa tragedia inmediatamente\u201d, se\u00f1al\u00f3 el responsable de la entidad pan\u00e1rabe en su cuenta oficial de X, anteriormente Twitter.<\/p>\n<h2 class=\"heading__StyledHeading-sc-1yxtfv0-0 dQdSuo fi-aic_280\" style=\"text-align: justify;\">\u00bfCu\u00e1ntas personas fallecieron por el bombardeo al hospital Al Ahli?<\/h2>\n<p class=\"default__StyledText-kkhi2r-0 cGAawy body-paragraph\" style=\"text-align: justify;\">Seg\u00fan fuentes locales, en el centro sanitario -una instituci\u00f3n cristiana perteneciente a la Iglesia Anglicana-\u00a0<b>hab\u00eda unas 2 mil personas que se estaban refugiando de los bombardeos\u00a0<\/b>tras evacuar estos \u00faltimos d\u00edas de sus casas, una din\u00e1mica que se ha visto en la mayor parte de hospitales de la Franja.<\/p>\n<p class=\"default__StyledText-kkhi2r-0 cGAawy body-paragraph fi-aic_280\" style=\"text-align: justify;\">La mayor parte de fallecidos y heridos son \u201cfamilias desplazadas, pacientes, ni\u00f1os y mujeres\u201d que en los \u00faltimos d\u00edas se albergaban en el lugar, inform\u00f3 Mahmud Basal, portavoz de Defensa Civil de Gaza.<\/p>\n<p class=\"default__StyledText-kkhi2r-0 cGAawy body-paragraph\" style=\"text-align: justify;\">En el hospital la cifra de muertos es de 500, confirm\u00f3 un portavoz del Ministerio de Sanidad de la Franja de Gaza.<\/p>\n<p>Con informaci\u00f3n: El Financiero<\/p>\n","protected":false},"excerpt":{"rendered":"<p>Un\u00a0bombardeo israel\u00ed sobre un hospital de la ciudad de Gaza\u00a0caus\u00f3 este martes al menos 500 muertos, confirm\u00f3 a EFE una portavoz del Ministerio de Sanidad de la Franja, controlada por el grupo islamista Ham\u00e1s. Supone la mayor masacre en el enclave de las cinco guerras que ha habido entre las milicias palestinas de Gaza e [&hellip;]<\/p>\n","protected":false},"author":2,"featured_media":49801,"comment_status":"open","ping_status":"open","sticky":false,"template":"","format":"standard","meta":{"om_disable_all_campaigns":false,"_monsterinsights_skip_tracking":false,"_monsterinsights_sitenote_active":false,"_monsterinsights_sitenote_note":"","_monsterinsights_sitenote_category":0,"_uf_show_specific_survey":0,"_uf_disable_surveys":false,"_jetpack_memberships_contains_paid_content":false,"footnotes":"","jetpack_publicize_message":"Ataque a Hospital en Gaza: Pa\u00edses \u00e1rabes condenan \u2018crimen atroz\u2019 de Israel","jetpack_publicize_feature_enabled":true,"jetpack_social_post_already_shared":true,"jetpack_social_options":{"image_generator_settings":{"template":"highway","default_image_id":0,"enabled":false},"version":2}},"categories":[18],"tags":[],"class_list":{"0":"post-49800","1":"post","2":"type-post","3":"status-publish","4":"format-standard","5":"has-post-thumbnail","7":"category-internacional"},"aioseo_notices":[],"jetpack_publicize_connections":[],"jetpack_featured_media_url":"https:\/\/mediagroup.mx\/wp-content\/uploads\/2023\/10\/Captura-de-pantalla-2023-10-17-a-las-17.47.03.png","jetpack_sharing_enabled":true,"_links":{"self":[{"href":"https:\/\/mediagroup.mx\/index.php\/wp-json\/wp\/v2\/posts\/49800","targetHints":{"allow":["GET"]}}],"collection":[{"href":"https:\/\/mediagroup.mx\/index.php\/wp-json\/wp\/v2\/posts"}],"about":[{"href":"https:\/\/mediagroup.mx\/index.php\/wp-json\/wp\/v2\/types\/post"}],"author":[{"embeddable":true,"href":"https:\/\/mediagroup.mx\/index.php\/wp-json\/wp\/v2\/users\/2"}],"replies":[{"embeddable":true,"href":"https:\/\/mediagroup.mx\/index.php\/wp-json\/wp\/v2\/comments?post=49800"}],"version-history":[{"count":1,"href":"https:\/\/mediagroup.mx\/index.php\/wp-json\/wp\/v2\/posts\/49800\/revisions"}],"predecessor-version":[{"id":49802,"href":"https:\/\/mediagroup.mx\/index.php\/wp-json\/wp\/v2\/posts\/49800\/revisions\/49802"}],"wp:featuredmedia":[{"embeddable":true,"href":"https:\/\/mediagroup.mx\/index.php\/wp-json\/wp\/v2\/media\/49801"}],"wp:attachment":[{"href":"https:\/\/mediagroup.mx\/index.php\/wp-json\/wp\/v2\/media?parent=49800"}],"wp:term":[{"taxonomy":"category","embeddable":true,"href":"https:\/\/mediagroup.mx\/index.php\/wp-json\/wp\/v2\/categories?post=49800"},{"taxonomy":"post_tag","embeddable":true,"href":"https:\/\/mediagroup.mx\/index.php\/wp-json\/wp\/v2\/tags?post=49800"}],"curies":[{"name":"wp","href":"https:\/\/api.w.org\/{rel}","templated":true}]}}