{"id":49803,"date":"2023-10-17T23:53:27","date_gmt":"2023-10-17T23:53:27","guid":{"rendered":"https:\/\/mediagroup.mx\/?p=49803"},"modified":"2023-10-17T23:53:27","modified_gmt":"2023-10-17T23:53:27","slug":"cae-el-presunto-autor-intelectual-del-ataque-a-ciro-gomez-leyva","status":"publish","type":"post","link":"https:\/\/mediagroup.mx\/index.php\/2023\/10\/17\/cae-el-presunto-autor-intelectual-del-ataque-a-ciro-gomez-leyva\/","title":{"rendered":"Cae el presunto autor intelectual del ataque a Ciro G\u00f3mez Leyva"},"content":{"rendered":"<p class=\"s-s\" style=\"text-align: justify;\">El presunto autor intelectual del atentado contra el periodista Ciro G\u00f3mez Leyva fue detenido en la ciudad de Delano, condado de Kern, California, Estados Unidos, inform\u00f3 la Fiscal\u00eda General de la Rep\u00fablica (FGR).<\/p>\n<p style=\"text-align: justify;\">Se trata de Armando Esc\u00e1rcega Valdez, alias\u00a0<em>El Patr\u00f3n<\/em>, quien fue capturado por agentes de la Oficina de Alcohol, Tabaco y Armas de Fuego y Explosivos (ATF, por sus siglas en ingl\u00e9s), en cumplimiento a una orden de aprehensi\u00f3n con fines de extradici\u00f3n gestionada por el gobierno mexicano, que lo requiere para procesarlo por su presunta responsabilidad en el delito de asociaci\u00f3n delictuosa.<\/p>\n<p style=\"text-align: justify;\">El Departamento de Justicia estadunidense puso al detenido a disposici\u00f3n del juez competente para dar tr\u00e1mite al proceso de extradici\u00f3n.<\/p>\n<p style=\"text-align: justify;\"><q>Al respecto, de la carpeta original de investigaci\u00f3n en la Fiscal\u00eda de la Ciudad de M\u00e9xico, esta instituci\u00f3n determin\u00f3 la solicitud correspondiente a la FGR que, desde septiembre, asumi\u00f3 la competencia federal en el esclarecimiento de este caso<\/q>, detall\u00f3 la fiscal\u00eda.<\/p>\n<p style=\"text-align: justify;\">Seg\u00fan las investigaciones de la FGR, luego del atentado Esc\u00e1rcega Valdez huy\u00f3 a California, donde en enero se report\u00f3 que estaba en la localidad de Los Gatos, condado de Santa Clara, vecino de Kern, lugar en el que finalmente se le captur\u00f3.<\/p>\n<p style=\"text-align: justify;\">Para ello, la FGR solicit\u00f3 y obtuvo de la Interpol una ficha roja para la localizaci\u00f3n y detenci\u00f3n inmediata del presunto delincuente.<\/p>\n<p style=\"text-align: justify;\">Por este atentado, las autoridades han detenido ya a 13 personas presuntamente involucradas en el caso, entre ellos a H\u00e9ctor Eduardo N,\u00a0<em>El Bart<\/em>, acusado de ser quien accion\u00f3 el arma en contra del periodista y quien tambi\u00e9n habr\u00eda asesinado a\u00a0<em>El Davies<\/em>, su posible c\u00f3mplice, quien conduc\u00eda la motocicleta utilizada para el atentado.<\/p>\n<p>Por: La Jornada<\/p>\n","protected":false},"excerpt":{"rendered":"<p>El presunto autor intelectual del atentado contra el periodista Ciro G\u00f3mez Leyva fue detenido en la ciudad de Delano, condado de Kern, California, Estados Unidos, inform\u00f3 la Fiscal\u00eda General de la Rep\u00fablica (FGR). Se trata de Armando Esc\u00e1rcega Valdez, alias\u00a0El Patr\u00f3n, quien fue capturado por agentes de la Oficina de Alcohol, Tabaco y Armas de [&hellip;]<\/p>\n","protected":false},"author":2,"featured_media":49804,"comment_status":"open","ping_status":"open","sticky":false,"template":"","format":"standard","meta":{"om_disable_all_campaigns":false,"_monsterinsights_skip_tracking":false,"_monsterinsights_sitenote_active":false,"_monsterinsights_sitenote_note":"","_monsterinsights_sitenote_category":0,"_uf_show_specific_survey":0,"_uf_disable_surveys":false,"_jetpack_memberships_contains_paid_content":false,"footnotes":"","jetpack_publicize_message":"Cae el presunto autor intelectual del ataque a Ciro G\u00f3mez Leyva","jetpack_publicize_feature_enabled":true,"jetpack_social_post_already_shared":true,"jetpack_social_options":{"image_generator_settings":{"template":"highway","default_image_id":0,"enabled":false},"version":2}},"categories":[16],"tags":[],"class_list":{"0":"post-49803","1":"post","2":"type-post","3":"status-publish","4":"format-standard","5":"has-post-thumbnail","7":"category-viral"},"aioseo_notices":[],"jetpack_publicize_connections":[],"jetpack_featured_media_url":"https:\/\/mediagroup.mx\/wp-content\/uploads\/2023\/10\/Captura-de-pantalla-2023-10-17-a-las-17.52.09.png","jetpack_sharing_enabled":true,"_links":{"self":[{"href":"https:\/\/mediagroup.mx\/index.php\/wp-json\/wp\/v2\/posts\/49803","targetHints":{"allow":["GET"]}}],"collection":[{"href":"https:\/\/mediagroup.mx\/index.php\/wp-json\/wp\/v2\/posts"}],"about":[{"href":"https:\/\/mediagroup.mx\/index.php\/wp-json\/wp\/v2\/types\/post"}],"author":[{"embeddable":true,"href":"https:\/\/mediagroup.mx\/index.php\/wp-json\/wp\/v2\/users\/2"}],"replies":[{"embeddable":true,"href":"https:\/\/mediagroup.mx\/index.php\/wp-json\/wp\/v2\/comments?post=49803"}],"version-history":[{"count":1,"href":"https:\/\/mediagroup.mx\/index.php\/wp-json\/wp\/v2\/posts\/49803\/revisions"}],"predecessor-version":[{"id":49805,"href":"https:\/\/mediagroup.mx\/index.php\/wp-json\/wp\/v2\/posts\/49803\/revisions\/49805"}],"wp:featuredmedia":[{"embeddable":true,"href":"https:\/\/mediagroup.mx\/index.php\/wp-json\/wp\/v2\/media\/49804"}],"wp:attachment":[{"href":"https:\/\/mediagroup.mx\/index.php\/wp-json\/wp\/v2\/media?parent=49803"}],"wp:term":[{"taxonomy":"category","embeddable":true,"href":"https:\/\/mediagroup.mx\/index.php\/wp-json\/wp\/v2\/categories?post=49803"},{"taxonomy":"post_tag","embeddable":true,"href":"https:\/\/mediagroup.mx\/index.php\/wp-json\/wp\/v2\/tags?post=49803"}],"curies":[{"name":"wp","href":"https:\/\/api.w.org\/{rel}","templated":true}]}}