{"id":49855,"date":"2023-09-20T01:31:04","date_gmt":"2023-09-20T01:31:04","guid":{"rendered":"https:\/\/mediagroup.mx\/?p=49855"},"modified":"2023-10-18T01:32:07","modified_gmt":"2023-10-18T01:32:07","slug":"construyen-especialistas-en-umsnh-soluciones-para-preservar-el-entorno-natural","status":"publish","type":"post","link":"https:\/\/mediagroup.mx\/index.php\/2023\/09\/20\/construyen-especialistas-en-umsnh-soluciones-para-preservar-el-entorno-natural\/","title":{"rendered":"Construyen especialistas en UMSNH soluciones para preservar el entorno natural"},"content":{"rendered":"<p style=\"text-align: justify;\">\u201cEn un mundo en constante cambio, es imperativo que exploremos soluciones innovadoras y sostenibles para preservar nuestro entorno natural\u201d, afirm\u00f3 la secretaria Auxiliar de la Universidad Michoacana de San Nicol\u00e1s de Hidalgo (UMSNH), Monika Guti\u00e9rrez Legorreta, al inaugurar en representaci\u00f3n de la rectora Yarab\u00ed \u00c1vila Gonz\u00e1lez, el Congreso Internacional sobre Conservaci\u00f3n y Manejo de Recursos Naturales.<\/p>\n<p style=\"text-align: justify;\">En el marco de la actividad realizada por el Instituto de Investigaciones sobre los Recursos Naturales (INIRENA), la funcionaria indic\u00f3 que este evento marca un hito significativo en los esfuerzos conjuntos dentro de la M\u00e1xima Casa de Estudios por preservar y proteger el preciado patrimonio natural de la regi\u00f3n y m\u00e1s all\u00e1.<\/p>\n<p style=\"text-align: justify;\">\u201cNuestra Universidad siempre ha estado comprometida con la investigaci\u00f3n y la educaci\u00f3n en temas medioambientales\u201d.<\/p>\n<p style=\"text-align: justify;\">Se\u00f1al\u00f3 que la conservaci\u00f3n y manejo de los recursos naturales es una responsabilidad compartida, \u201caqu\u00ed tanto cient\u00edficos, acad\u00e9micas, acad\u00e9micos, profesionales y defensores de la naturaleza se unen para compartir su conocimiento y experiencias y as\u00ed juntos se construya un puente entre la ciencia y la acci\u00f3n\u201d.<\/p>\n<p style=\"text-align: justify;\">Tras desear el mejor de los \u00e9xitos a las y los participantes, agreg\u00f3 que a medida que se enfrentan los desaf\u00edos globales como el cambio clim\u00e1tico, la p\u00e9rdida de h\u00e1bitats y la extinci\u00f3n de especies es esencial unir fuerzas y trabajar en conjunto.<\/p>\n<p style=\"text-align: justify;\">Por su parte, el secretario de Medio Ambiente, Alejandro M\u00e9ndez L\u00f3pez, en representaci\u00f3n del gobernador del Estado, Alfredo Ram\u00edrez Bedolla, celebr\u00f3 la realizaci\u00f3n del Congreso, que dijo, conjunta ponentes nacionales e internacionales de primer nivel, que permitir\u00e1 en los pr\u00f3ximo d\u00edas observar y ser part\u00edcipes de una discusi\u00f3n de muy alto nivel acerca de c\u00f3mo dede ser la conservaci\u00f3n de los recursos naturales en el mundo y en el estado.<\/p>\n<p style=\"text-align: justify;\">Indic\u00f3 que el contexto cambiante y amananzate del cambio clim\u00e1tico, presenta un reto particular, por lo que se pronunci\u00f3 porque las discusiones que se realicen en esta actividad, los proyectos, investigaciones y resultados de las y los acad\u00e9micos ayuden a enconrar mejores estrategias para el aprovechamiento sustentable de los recursos naturales de Michoac\u00e1n.<\/p>\n<p style=\"text-align: justify;\">La directora del INIRENA, Laura Leticia Padilla Gil, afirm\u00f3 que el planeta viene experimentando una gran presi\u00f3n a consecuencia de pr\u00e1cticas extractivas y degradaci\u00f3n de los recursos naturales, y la contaminaci\u00f3n del ambiente se hace cada vez m\u00e1s presente.<\/p>\n<p style=\"text-align: justify;\">Apunt\u00f3 que uno de los objetivos del Congreso es compartir con las autoridades los resultados con la finalidad de que sirvan como instrumento para el cumplimiento de los objetivos globales de desarrollo y que sean de utilidad para la toma de decisiones y formulaci\u00f3n de pol\u00edticas p\u00fablicas en los tres \u00f3rdenes de gobierno que contribuyan a la conservaci\u00f3n de los recursos naturales y el cuidado del medio ambiente.<\/p>\n<p style=\"text-align: justify;\">En tanto, la diputada Guillermina R\u00edos Torres, enfatiz\u00f3 que desde el Poder Legislativo est\u00e1n convencidos de la importancia de los recursos naturales para la acci\u00f3n clim\u00e1tica, por lo que asegur\u00f3 que estar\u00e1 atenta a los resultados y frutos que dar\u00e1 esta actividad acad\u00e9mica.<\/p>\n<p style=\"text-align: justify;\">Al evento tambi\u00e9n asisti\u00f3 la presidenta del dicho Congreso, Catalina Rosas Monge; el subteniente de Infanter\u00eda, Luis \u00c1ngel Ger\u00f3nimo Mosqueda; el responsable de la delegaci\u00f3n estatal de la SEMARNAT, Carlos Alberto Garc\u00eda; el presidente del COEECO, Vicente Estrada Torres; el titular de la COFOM, Rosendo Caro G\u00f3mez y el director de la Facultad de Biolog\u00eda, Ram\u00f3n L\u00f3pez Garc\u00eda.<\/p>\n","protected":false},"excerpt":{"rendered":"<p>\u201cEn un mundo en constante cambio, es imperativo que exploremos soluciones innovadoras y sostenibles para preservar nuestro entorno natural\u201d, afirm\u00f3 la secretaria Auxiliar de la Universidad Michoacana de San Nicol\u00e1s de Hidalgo (UMSNH), Monika Guti\u00e9rrez Legorreta, al inaugurar en representaci\u00f3n de la rectora Yarab\u00ed \u00c1vila Gonz\u00e1lez, el Congreso Internacional sobre Conservaci\u00f3n y Manejo de Recursos [&hellip;]<\/p>\n","protected":false},"author":2,"featured_media":49856,"comment_status":"open","ping_status":"open","sticky":false,"template":"","format":"standard","meta":{"om_disable_all_campaigns":false,"_monsterinsights_skip_tracking":false,"_monsterinsights_sitenote_active":false,"_monsterinsights_sitenote_note":"","_monsterinsights_sitenote_category":0,"_uf_show_specific_survey":0,"_uf_disable_surveys":false,"_jetpack_memberships_contains_paid_content":false,"footnotes":"","jetpack_publicize_message":"Construyen especialistas en UMSNH soluciones para preservar el entorno natural","jetpack_publicize_feature_enabled":true,"jetpack_social_post_already_shared":true,"jetpack_social_options":{"image_generator_settings":{"template":"highway","default_image_id":0,"enabled":false},"version":2}},"categories":[22],"tags":[],"class_list":{"0":"post-49855","1":"post","2":"type-post","3":"status-publish","4":"format-standard","5":"has-post-thumbnail","7":"category-educacion"},"aioseo_notices":[],"jetpack_publicize_connections":[],"jetpack_featured_media_url":"https:\/\/mediagroup.mx\/wp-content\/uploads\/2023\/10\/WhatsApp-Image-2023-09-20-at-8.56.36-PM.jpeg","jetpack_sharing_enabled":true,"_links":{"self":[{"href":"https:\/\/mediagroup.mx\/index.php\/wp-json\/wp\/v2\/posts\/49855","targetHints":{"allow":["GET"]}}],"collection":[{"href":"https:\/\/mediagroup.mx\/index.php\/wp-json\/wp\/v2\/posts"}],"about":[{"href":"https:\/\/mediagroup.mx\/index.php\/wp-json\/wp\/v2\/types\/post"}],"author":[{"embeddable":true,"href":"https:\/\/mediagroup.mx\/index.php\/wp-json\/wp\/v2\/users\/2"}],"replies":[{"embeddable":true,"href":"https:\/\/mediagroup.mx\/index.php\/wp-json\/wp\/v2\/comments?post=49855"}],"version-history":[{"count":1,"href":"https:\/\/mediagroup.mx\/index.php\/wp-json\/wp\/v2\/posts\/49855\/revisions"}],"predecessor-version":[{"id":49857,"href":"https:\/\/mediagroup.mx\/index.php\/wp-json\/wp\/v2\/posts\/49855\/revisions\/49857"}],"wp:featuredmedia":[{"embeddable":true,"href":"https:\/\/mediagroup.mx\/index.php\/wp-json\/wp\/v2\/media\/49856"}],"wp:attachment":[{"href":"https:\/\/mediagroup.mx\/index.php\/wp-json\/wp\/v2\/media?parent=49855"}],"wp:term":[{"taxonomy":"category","embeddable":true,"href":"https:\/\/mediagroup.mx\/index.php\/wp-json\/wp\/v2\/categories?post=49855"},{"taxonomy":"post_tag","embeddable":true,"href":"https:\/\/mediagroup.mx\/index.php\/wp-json\/wp\/v2\/tags?post=49855"}],"curies":[{"name":"wp","href":"https:\/\/api.w.org\/{rel}","templated":true}]}}