{"id":49858,"date":"2023-09-20T01:32:39","date_gmt":"2023-09-20T01:32:39","guid":{"rendered":"https:\/\/mediagroup.mx\/?p=49858"},"modified":"2023-10-18T01:33:40","modified_gmt":"2023-10-18T01:33:40","slug":"se-hermana-umsnh-con-la-republica-arabe-saharaui-analizan-la-autodeterminacion-de-los-pueblos","status":"publish","type":"post","link":"https:\/\/mediagroup.mx\/index.php\/2023\/09\/20\/se-hermana-umsnh-con-la-republica-arabe-saharaui-analizan-la-autodeterminacion-de-los-pueblos\/","title":{"rendered":"Se hermana UMSNH con la Rep\u00fablica \u00c1rabe Saharaui: analizan la autodeterminaci\u00f3n de los pueblos"},"content":{"rendered":"<p style=\"text-align: justify;\">\u201cLa vinculaci\u00f3n es fundamental para el crecimiento de cualquier pueblo\u201d, indic\u00f3 la rectora de la Universidad Michoacana de San Nicol\u00e1s de Hidalgo (UMSNH), Yarab\u00ed \u00c1vila Gonz\u00e1lez, al inaugurar junto con el embajador de la Rep\u00fablica \u00c1rabe Saharaui Democr\u00e1tica en M\u00e9xico, Mujtar Leboihi Emboiric, el Seminario Internacional \u201cAutodeterminaci\u00f3n de los Pueblos y sus Alcances Jur\u00eddicos, Econ\u00f3micos, Sociales y Culturales\u201d.<\/p>\n<p style=\"text-align: justify;\">La rectora celebr\u00f3 la realizaci\u00f3n de esta actividad acad\u00e9mica que fue posible a trav\u00e9s de la colaboraci\u00f3n entre ambas instancias y el Colegio de Abogados de Michoac\u00e1n.<\/p>\n<p style=\"text-align: justify;\">Indic\u00f3 que la UMSNH tiene una historia que llena de orgullo, y es formadora de grandes profesionistas que generan un impacto cultural, econ\u00f3mico, pol\u00edtico y social dentro y fuera del pa\u00eds.<\/p>\n<p style=\"text-align: justify;\">\u00c1vila felicit\u00f3 a la presidenta del Colegio de Abogados, Martha Camarena, tras referir que la suma de esfuerzos provoca un beneficio colectivo, como es el caso del Seminario que hoy se realiza, por lo que invit\u00f3 a la comunidad universitaria, as\u00ed como a las y los egresados a seguirse sumando a este tipo de actividades.<\/p>\n<p style=\"text-align: justify;\">Destac\u00f3 que desde la Universidad se ha trabajado en estrategias que permitan generar alianzas con otras instituciones y con otros pa\u00edses, ya que la vinculaci\u00f3n es primordial, y reconoci\u00f3 la presencia del embajador Mujtar Leboihi Emboiric, tras referir que resultado de la primera reuni\u00f3n que se tuvo en meses anteriores, hoy ya se generan acciones concretas. \u201cTenemos mucho que hacer en estos intercambios\u201d.<\/p>\n<p style=\"text-align: justify;\">Tambi\u00e9n resalt\u00f3 la presencia del Congreso del Estado a trav\u00e9s del diputado Jes\u00fas Hern\u00e1ndez Pe\u00f1a, as\u00ed como del doctor Manuel Becerra Ram\u00edrez, investigador del Instituto de Investigaciones Jur\u00eddicas de la UNAM.<\/p>\n<p style=\"text-align: justify;\">En su turno, el embajador de la Rep\u00fablica \u00c1rabe Saharaui Democr\u00e1tica en M\u00e9xico, Mujtar Leboihi Emboiric, reconoci\u00f3 la disposici\u00f3n de la UMSNH para la realizaci\u00f3n de esta actividad, que dijo, fue un compromiso realizado en abril pasado durante su primera visita a la instituci\u00f3n y que contar\u00e1 con la participaci\u00f3n de especialistas internacionales.<\/p>\n<p style=\"text-align: justify;\">Subray\u00f3 la importancia del Seminario, al referir que el derecho a la autodeterminaci\u00f3n es un derecho inalienable de los pueblos. Tras resaltar la historia de la Casa de Hidalgo, manifest\u00f3 que existe la entera disposici\u00f3n para seguir colaborando con la Universidad Michoacana.<\/p>\n<p style=\"text-align: justify;\">La presidenta del Colegio de Abogados de Michoac\u00e1n, Martha Camarena Reyes, agradeci\u00f3 la disposici\u00f3n de la rectora para la realizaci\u00f3n del Seminario, al comentar que esta acci\u00f3n es ejemplo de que las actividades en la UMSNH se expanden m\u00e1s all\u00e1 de las fronteras del pa\u00eds.<\/p>\n<p style=\"text-align: justify;\">Detall\u00f3 que el derecho de libre determinaci\u00f3n de los pueblos tambi\u00e9n es conocido como derecho a decidir, es un derecho fundamental protegido al m\u00e1s alto nivel por el ordenamiento legal internacional.<\/p>\n<p style=\"text-align: justify;\">La abogada indic\u00f3 que el Seminario cuenta con la participaci\u00f3n de conferencistas de diversas naciones, la intenci\u00f3n dijo, es poder vincular el piso jur\u00eddico intencional con el piso jur\u00eddico nacional, tras se\u00f1alar que el Colegio busca que el conocimiento se expanda.<\/p>\n<p style=\"text-align: justify;\">Por su parte, el secretario general, Javier Cervantes Rodr\u00edguez, celebr\u00f3 la realizaci\u00f3n del Seminario, que se\u00f1al\u00f3 tiene el prop\u00f3sito de que la comunidad nicolaita escuche contextos de otros pa\u00edses para elevar el racionamiento y el pensamiento, as\u00ed como la integraci\u00f3n y el intercambio acad\u00e9mico con las y los participantes.<\/p>\n","protected":false},"excerpt":{"rendered":"<p>\u201cLa vinculaci\u00f3n es fundamental para el crecimiento de cualquier pueblo\u201d, indic\u00f3 la rectora de la Universidad Michoacana de San Nicol\u00e1s de Hidalgo (UMSNH), Yarab\u00ed \u00c1vila Gonz\u00e1lez, al inaugurar junto con el embajador de la Rep\u00fablica \u00c1rabe Saharaui Democr\u00e1tica en M\u00e9xico, Mujtar Leboihi Emboiric, el Seminario Internacional \u201cAutodeterminaci\u00f3n de los Pueblos y sus Alcances Jur\u00eddicos, Econ\u00f3micos, [&hellip;]<\/p>\n","protected":false},"author":2,"featured_media":49859,"comment_status":"open","ping_status":"open","sticky":false,"template":"","format":"standard","meta":{"om_disable_all_campaigns":false,"_monsterinsights_skip_tracking":false,"_monsterinsights_sitenote_active":false,"_monsterinsights_sitenote_note":"","_monsterinsights_sitenote_category":0,"_uf_show_specific_survey":0,"_uf_disable_surveys":false,"_jetpack_memberships_contains_paid_content":false,"footnotes":"","jetpack_publicize_message":"Se hermana UMSNH con la Rep\u00fablica \u00c1rabe Saharaui: analizan la autodeterminaci\u00f3n de los pueblos","jetpack_publicize_feature_enabled":true,"jetpack_social_post_already_shared":true,"jetpack_social_options":{"image_generator_settings":{"template":"highway","default_image_id":0,"enabled":false},"version":2}},"categories":[22],"tags":[],"class_list":{"0":"post-49858","1":"post","2":"type-post","3":"status-publish","4":"format-standard","5":"has-post-thumbnail","7":"category-educacion"},"aioseo_notices":[],"jetpack_publicize_connections":[],"jetpack_featured_media_url":"https:\/\/mediagroup.mx\/wp-content\/uploads\/2023\/10\/WhatsApp-Image-2023-09-20-at-6.18.27-PM.jpeg","jetpack_sharing_enabled":true,"_links":{"self":[{"href":"https:\/\/mediagroup.mx\/index.php\/wp-json\/wp\/v2\/posts\/49858","targetHints":{"allow":["GET"]}}],"collection":[{"href":"https:\/\/mediagroup.mx\/index.php\/wp-json\/wp\/v2\/posts"}],"about":[{"href":"https:\/\/mediagroup.mx\/index.php\/wp-json\/wp\/v2\/types\/post"}],"author":[{"embeddable":true,"href":"https:\/\/mediagroup.mx\/index.php\/wp-json\/wp\/v2\/users\/2"}],"replies":[{"embeddable":true,"href":"https:\/\/mediagroup.mx\/index.php\/wp-json\/wp\/v2\/comments?post=49858"}],"version-history":[{"count":1,"href":"https:\/\/mediagroup.mx\/index.php\/wp-json\/wp\/v2\/posts\/49858\/revisions"}],"predecessor-version":[{"id":49860,"href":"https:\/\/mediagroup.mx\/index.php\/wp-json\/wp\/v2\/posts\/49858\/revisions\/49860"}],"wp:featuredmedia":[{"embeddable":true,"href":"https:\/\/mediagroup.mx\/index.php\/wp-json\/wp\/v2\/media\/49859"}],"wp:attachment":[{"href":"https:\/\/mediagroup.mx\/index.php\/wp-json\/wp\/v2\/media?parent=49858"}],"wp:term":[{"taxonomy":"category","embeddable":true,"href":"https:\/\/mediagroup.mx\/index.php\/wp-json\/wp\/v2\/categories?post=49858"},{"taxonomy":"post_tag","embeddable":true,"href":"https:\/\/mediagroup.mx\/index.php\/wp-json\/wp\/v2\/tags?post=49858"}],"curies":[{"name":"wp","href":"https:\/\/api.w.org\/{rel}","templated":true}]}}