{"id":49867,"date":"2023-09-19T01:41:16","date_gmt":"2023-09-19T01:41:16","guid":{"rendered":"https:\/\/mediagroup.mx\/?p=49867"},"modified":"2023-10-18T01:42:27","modified_gmt":"2023-10-18T01:42:27","slug":"reconoce-rectora-respaldo-que-gobierno-estatal-ha-dado-a-umsnh","status":"publish","type":"post","link":"https:\/\/mediagroup.mx\/index.php\/2023\/09\/19\/reconoce-rectora-respaldo-que-gobierno-estatal-ha-dado-a-umsnh\/","title":{"rendered":"Reconoce rectora respaldo que gobierno estatal ha dado a UMSNH"},"content":{"rendered":"<p style=\"text-align: justify;\">La rectora Yarab\u00ed \u00c1vila Gonz\u00e1lez agradeci\u00f3 el respaldo que ha recibido del Gobierno del Estado para materializar los proyectos que necesita la Universidad Michoacana de San Nicol\u00e1s de Hidalgo (UMSNH) para seguir expandiendo los servicios educativos a las regiones del estado.<\/p>\n<p style=\"text-align: justify;\">En el marco del segundo informe de labores del gobernador Alfredo Ram\u00edrez Bedolla, el mandatario indic\u00f3 que se est\u00e1 trabajando para la conclusi\u00f3n de la obra y equipamiento de la Unidad Profesional de Zamora, y destac\u00f3 que se hacen esfuerzos importantes para que la obra se concluya en los pr\u00f3ximos meses.<\/p>\n<p style=\"text-align: justify;\">\u201cQuedar\u00e1 listo y preparado para este mismo a\u00f1o\u201d, recalc\u00f3 el gobernador ante el Congreso de Michoac\u00e1n, en cuya sesi\u00f3n estuvo la representante de la Universidad Michoacana.<\/p>\n<p style=\"text-align: justify;\">\u201c\u00a1Nunca dejaremos sola a la Universidad, porque ser nicolaita es un orgullo y una misi\u00f3n de servicio p\u00fablico!\u201d, agreg\u00f3 Ram\u00edrez Bedolla al hablar de las acciones que ha ejecutado en el segmento de educaci\u00f3n.<\/p>\n","protected":false},"excerpt":{"rendered":"<p>La rectora Yarab\u00ed \u00c1vila Gonz\u00e1lez agradeci\u00f3 el respaldo que ha recibido del Gobierno del Estado para materializar los proyectos que necesita la Universidad Michoacana de San Nicol\u00e1s de Hidalgo (UMSNH) para seguir expandiendo los servicios educativos a las regiones del estado. En el marco del segundo informe de labores del gobernador Alfredo Ram\u00edrez Bedolla, el [&hellip;]<\/p>\n","protected":false},"author":2,"featured_media":49868,"comment_status":"open","ping_status":"open","sticky":false,"template":"","format":"standard","meta":{"om_disable_all_campaigns":false,"_monsterinsights_skip_tracking":false,"_monsterinsights_sitenote_active":false,"_monsterinsights_sitenote_note":"","_monsterinsights_sitenote_category":0,"_uf_show_specific_survey":0,"_uf_disable_surveys":false,"_jetpack_memberships_contains_paid_content":false,"footnotes":"","jetpack_publicize_message":"Reconoce rectora respaldo que gobierno estatal ha dado a UMSNH","jetpack_publicize_feature_enabled":true,"jetpack_social_post_already_shared":true,"jetpack_social_options":{"image_generator_settings":{"template":"highway","default_image_id":0,"enabled":false},"version":2}},"categories":[22],"tags":[],"class_list":{"0":"post-49867","1":"post","2":"type-post","3":"status-publish","4":"format-standard","5":"has-post-thumbnail","7":"category-educacion"},"aioseo_notices":[],"jetpack_publicize_connections":[],"jetpack_featured_media_url":"https:\/\/mediagroup.mx\/wp-content\/uploads\/2023\/10\/WhatsApp-Image-2023-09-19-at-11.49.47-PM-3.jpeg","jetpack_sharing_enabled":true,"_links":{"self":[{"href":"https:\/\/mediagroup.mx\/index.php\/wp-json\/wp\/v2\/posts\/49867","targetHints":{"allow":["GET"]}}],"collection":[{"href":"https:\/\/mediagroup.mx\/index.php\/wp-json\/wp\/v2\/posts"}],"about":[{"href":"https:\/\/mediagroup.mx\/index.php\/wp-json\/wp\/v2\/types\/post"}],"author":[{"embeddable":true,"href":"https:\/\/mediagroup.mx\/index.php\/wp-json\/wp\/v2\/users\/2"}],"replies":[{"embeddable":true,"href":"https:\/\/mediagroup.mx\/index.php\/wp-json\/wp\/v2\/comments?post=49867"}],"version-history":[{"count":1,"href":"https:\/\/mediagroup.mx\/index.php\/wp-json\/wp\/v2\/posts\/49867\/revisions"}],"predecessor-version":[{"id":49869,"href":"https:\/\/mediagroup.mx\/index.php\/wp-json\/wp\/v2\/posts\/49867\/revisions\/49869"}],"wp:featuredmedia":[{"embeddable":true,"href":"https:\/\/mediagroup.mx\/index.php\/wp-json\/wp\/v2\/media\/49868"}],"wp:attachment":[{"href":"https:\/\/mediagroup.mx\/index.php\/wp-json\/wp\/v2\/media?parent=49867"}],"wp:term":[{"taxonomy":"category","embeddable":true,"href":"https:\/\/mediagroup.mx\/index.php\/wp-json\/wp\/v2\/categories?post=49867"},{"taxonomy":"post_tag","embeddable":true,"href":"https:\/\/mediagroup.mx\/index.php\/wp-json\/wp\/v2\/tags?post=49867"}],"curies":[{"name":"wp","href":"https:\/\/api.w.org\/{rel}","templated":true}]}}