{"id":49986,"date":"2023-10-24T00:28:24","date_gmt":"2023-10-24T00:28:24","guid":{"rendered":"https:\/\/mediagroup.mx\/?p=49986"},"modified":"2023-10-24T00:28:24","modified_gmt":"2023-10-24T00:28:24","slug":"congreso-de-nl-da-entrada-a-solicitud-de-licencia-de-samuel-garcia","status":"publish","type":"post","link":"https:\/\/mediagroup.mx\/index.php\/2023\/10\/24\/congreso-de-nl-da-entrada-a-solicitud-de-licencia-de-samuel-garcia\/","title":{"rendered":"Congreso de NL da entrada a solicitud de licencia de Samuel Garc\u00eda"},"content":{"rendered":"<p style=\"text-align: justify;\">El pleno del Congreso de Nuevo le\u00f3n, dio entrada a la solicitud de licencia por seis meses, presentada por el gobernador Samuel Garc\u00eda Sep\u00falveda, a dos horas de haberla recibido, a trav\u00e9s de la Oficial\u00eda de Partes del legislativo.<\/p>\n<p style=\"text-align: justify;\">La solicitud de licencia se turn\u00f3 con car\u00e1cter\u00a0\u00a0de urgente -a petici\u00f3n de H\u00e9ctor Garc\u00eda Garc\u00eda, diputado de Movimiento Ciudadano- a la Comisi\u00f3n de Gobernaci\u00f3n.<\/p>\n<p style=\"text-align: justify;\">Itzel Castillo Almanza, Diputada local del PAN, solicit\u00f3 que se diera lectura \u00edntegra a la solicitud del Ejecutivo estatal entregado a las 9:59 horas por Ulises Carl\u00edn, Consejero Jur\u00eddico del Gobernador.<\/p>\n<p style=\"text-align: justify;\">En el escrito, Samuel Garc\u00eda Sep\u00falveda \u00abinforma\u00bb que, durante el tiempo de la licencia, se quedar\u00e1 como encargado del Despacho el Secretario General de Gobierno, Javier Navarro Velasco.<\/p>\n<p style=\"text-align: justify;\">En rueda de prensa previa, Diputados locales de MC dijeron que es urgente que le den la licencia al Mandatario estatal, para que \u00e9ste cuente con la autorizaci\u00f3n -con vigencia a partir del 1 de diciembre- para poder inscribirse como precandidato a la Presidencia el 3 de noviembre, fecha establecida para ello por ese partido.<\/p>\n<p style=\"text-align: justify;\">H\u00e9ctor Garc\u00eda, integrante de la bancada naranja, dijo que no se le puede negar la licencia al Gobernador y que, aunque est\u00e1 sujeto a interpretaciones, consideran que \u00e9l s\u00ed puede definir a quien se queda como encargado del despacho en su ausencia.<\/p>\n<p>Con informaci\u00f3n de: La Jornada<\/p>\n","protected":false},"excerpt":{"rendered":"<p>El pleno del Congreso de Nuevo le\u00f3n, dio entrada a la solicitud de licencia por seis meses, presentada por el gobernador Samuel Garc\u00eda Sep\u00falveda, a dos horas de haberla recibido, a trav\u00e9s de la Oficial\u00eda de Partes del legislativo. La solicitud de licencia se turn\u00f3 con car\u00e1cter\u00a0\u00a0de urgente -a petici\u00f3n de H\u00e9ctor Garc\u00eda Garc\u00eda, diputado [&hellip;]<\/p>\n","protected":false},"author":2,"featured_media":49987,"comment_status":"open","ping_status":"open","sticky":false,"template":"","format":"standard","meta":{"om_disable_all_campaigns":false,"_monsterinsights_skip_tracking":false,"_monsterinsights_sitenote_active":false,"_monsterinsights_sitenote_note":"","_monsterinsights_sitenote_category":0,"_uf_show_specific_survey":0,"_uf_disable_surveys":false,"_jetpack_memberships_contains_paid_content":false,"footnotes":"","jetpack_publicize_message":"Congreso de NL da entrada a solicitud de licencia de Samuel Garc\u00eda","jetpack_publicize_feature_enabled":true,"jetpack_social_post_already_shared":true,"jetpack_social_options":{"image_generator_settings":{"template":"highway","default_image_id":0,"enabled":false},"version":2}},"categories":[23],"tags":[],"class_list":{"0":"post-49986","1":"post","2":"type-post","3":"status-publish","4":"format-standard","5":"has-post-thumbnail","7":"category-nacional"},"aioseo_notices":[],"jetpack_publicize_connections":[],"jetpack_featured_media_url":"https:\/\/mediagroup.mx\/wp-content\/uploads\/2023\/10\/Captura-de-pantalla-2023-10-23-a-las-18.27.36.png","jetpack_sharing_enabled":true,"_links":{"self":[{"href":"https:\/\/mediagroup.mx\/index.php\/wp-json\/wp\/v2\/posts\/49986","targetHints":{"allow":["GET"]}}],"collection":[{"href":"https:\/\/mediagroup.mx\/index.php\/wp-json\/wp\/v2\/posts"}],"about":[{"href":"https:\/\/mediagroup.mx\/index.php\/wp-json\/wp\/v2\/types\/post"}],"author":[{"embeddable":true,"href":"https:\/\/mediagroup.mx\/index.php\/wp-json\/wp\/v2\/users\/2"}],"replies":[{"embeddable":true,"href":"https:\/\/mediagroup.mx\/index.php\/wp-json\/wp\/v2\/comments?post=49986"}],"version-history":[{"count":1,"href":"https:\/\/mediagroup.mx\/index.php\/wp-json\/wp\/v2\/posts\/49986\/revisions"}],"predecessor-version":[{"id":49988,"href":"https:\/\/mediagroup.mx\/index.php\/wp-json\/wp\/v2\/posts\/49986\/revisions\/49988"}],"wp:featuredmedia":[{"embeddable":true,"href":"https:\/\/mediagroup.mx\/index.php\/wp-json\/wp\/v2\/media\/49987"}],"wp:attachment":[{"href":"https:\/\/mediagroup.mx\/index.php\/wp-json\/wp\/v2\/media?parent=49986"}],"wp:term":[{"taxonomy":"category","embeddable":true,"href":"https:\/\/mediagroup.mx\/index.php\/wp-json\/wp\/v2\/categories?post=49986"},{"taxonomy":"post_tag","embeddable":true,"href":"https:\/\/mediagroup.mx\/index.php\/wp-json\/wp\/v2\/tags?post=49986"}],"curies":[{"name":"wp","href":"https:\/\/api.w.org\/{rel}","templated":true}]}}