{"id":49995,"date":"2023-10-24T12:40:06","date_gmt":"2023-10-24T12:40:06","guid":{"rendered":"https:\/\/mediagroup.mx\/?p=49995"},"modified":"2023-10-24T12:40:06","modified_gmt":"2023-10-24T12:40:06","slug":"queremos-una-alberca-olimpica-en-la-umsnh-para-el-2024-rectora","status":"publish","type":"post","link":"https:\/\/mediagroup.mx\/index.php\/2023\/10\/24\/queremos-una-alberca-olimpica-en-la-umsnh-para-el-2024-rectora\/","title":{"rendered":"Queremos una alberca Ol\u00edmpica en la UMSNH para el 2024: Rectora"},"content":{"rendered":"<p>El pr\u00f3ximo a\u00f1o se prev\u00e9 que en la Universidad Michoacana de San Nicol\u00e1s de Hidalgo (UMSNH) se construya una alberca Ol\u00edmpica y se tenga un incremento en el presupuesto destinado a la cultura, adelant\u00f3 la rectora Yarab\u00ed \u00c1vila Gonz\u00e1lez, al asistir al acto por los 23 a\u00f1os de la instalaci\u00f3n de la Facultad de Letras.<\/p>\n<p>\u201cQueremos una Universidad y Facultades vivas, coloridas, con ruido porque se siente que las y los estudiantes est\u00e1n vivos y est\u00e1n apasionados por formar parte de esta gran instituci\u00f3n educativa\u201d, afirm\u00f3 la rectora.<\/p>\n<p>En este marco, felicit\u00f3 a quienes integran la instituci\u00f3n, que dijo, es de gran calidad humana y acad\u00e9mica. Detall\u00f3 que esta facultad le trae recuerdos al compartir que siendo presidenta de la Comisi\u00f3n T\u00e9cnico Pedag\u00f3gica del Consejo Universitario, le hicieron llegar la propuesta para la creaci\u00f3n de la Licenciatura en Ciencias de la Comunicaci\u00f3n, carrera que le hubiera gustado estudiar.<\/p>\n<p>De igual forma, durante dicho per\u00edodo junto con otros nicolaitas tambi\u00e9n particip\u00f3 en el cambio de nombre de Escuela a Facultad, por lo que manifest\u00f3 su satisfacci\u00f3n de asistir a celebrar los primeros 23 a\u00f1os de la dependencia, los cuales han sido con pasos firmes y con una mirada visionaria, que adem\u00e1s ha sabido estar a la altura de las necesidades de la sociedad, formando a profesionales en Lengua, Literatura y Comunicaci\u00f3n.<\/p>\n<p>Se\u00f1al\u00f3 que hay un compromiso para que esta instituci\u00f3n siga creciendo no solamente en la parte de infraestructura, sino que permita generar nuevas oportunidades para las futuras generaciones.<\/p>\n<p>La Facultad de Letras, coment\u00f3 que, ha sido un semillero de profesionistas que hoy se dedican a la docencia, la investigaci\u00f3n, la producci\u00f3n de textos, as\u00ed como a la comunicaci\u00f3n. Todas y todos, con grandes capacidades dotadas de los valores human\u00edsticos que provee la formaci\u00f3n de la Casa de Hidalgo. \u201cA m\u00ed me encanta saber que aqu\u00ed se genera el respeto, la reflexi\u00f3n que evidentemente la fuerza que la palabra nos otorga\u201d.<\/p>\n<p>Coment\u00f3 que en la instituci\u00f3n se cuenta con profesores y profesoras con los m\u00e1s altos est\u00e1ndares de calidad que han formado a las y los estudiantes, a quienes invit\u00f3 a que se tomen de la mano de los mejores ejemplos, as\u00ed como a participar en las actividades acad\u00e9micas, deportivas, art\u00edsticas y culturales.<\/p>\n<p>\u201cNo queremos una Universidad con complicaciones, queremos una Universidad donde la gente venga a construir esos sue\u00f1os, esa esperanza, queremos una Universidad de oportunidades\u201d.<\/p>\n<p>La rectora se\u00f1al\u00f3 que, ante cualquier situaci\u00f3n, las puertas de a la administraci\u00f3n central est\u00e1n abiertas para escucharlas y escucharlos. \u201cFelicidades por este aniversario a todas y a todos porque desde su trinchera forjan una mejor Universidad, ustedes son la pauta para que muchos m\u00e1s sigan so\u00f1ando entrar a la Universidad Michoacana\u201d.<\/p>\n<p>El director de la Facultad, Iv\u00e1n \u00c1vila Gonz\u00e1lez, apunt\u00f3 que la instituci\u00f3n cumple 23 a\u00f1os y es reconocida por la labor conjunta que a lo largo de este tiempo ha desempe\u00f1ado la comunidad en su conjunto. Detall\u00f3 que la matr\u00edcula de la Licenciatura en Ciencias de la Comunicaci\u00f3n va al alza, ya que se han abierto dos secciones m\u00e1s y el reto es continuar aument\u00e1ndola.<\/p>\n<p>Agradeci\u00f3 la gesti\u00f3n que desde la administraci\u00f3n central han tenido para satisfacer las necesidades de infraestructura con la construcci\u00f3n de dos aulas, as\u00ed como los requerimientos para mantenimiento y restauraci\u00f3n de las instalaciones.<\/p>\n<p>Tras enumerar diversas acciones que se han puesto en marcha en la facultad, invit\u00f3 a todas y todos a sumar esfuerzos en beneficio de la instituci\u00f3n, destacando su calidad educativa y acad\u00e9mica.<\/p>\n<p>La alumna, Elizabeth Delgado Saucedo, coment\u00f3 que desde que abri\u00f3 sus puertas la facultad ha formado profesionales cr\u00edticos, reflexivos, con sentido \u00e9tico y responsables socialmente con un enfoque humanista. Agradeci\u00f3 a las y los profesores por su labor y manifest\u00f3 que todos los conocimientos adquiridos deben tener un impacto positivo en el entorno.<\/p>\n<p>El consejero profesor, V\u00edctor Solorio, coment\u00f3 que la facultad naci\u00f3 en un esfuerzo por cubrir una necesidad imperativa en la sociedad, al tiempo que destac\u00f3 las 19 generaciones que han egresado de sus aulas.<\/p>\n","protected":false},"excerpt":{"rendered":"<p>El pr\u00f3ximo a\u00f1o se prev\u00e9 que en la Universidad Michoacana de San Nicol\u00e1s de Hidalgo (UMSNH) se construya una alberca Ol\u00edmpica y se tenga un incremento en el presupuesto destinado a la cultura, adelant\u00f3 la rectora Yarab\u00ed \u00c1vila Gonz\u00e1lez, al asistir al acto por los 23 a\u00f1os de la instalaci\u00f3n de la Facultad de Letras. [&hellip;]<\/p>\n","protected":false},"author":2,"featured_media":49996,"comment_status":"open","ping_status":"open","sticky":false,"template":"","format":"standard","meta":{"om_disable_all_campaigns":false,"_monsterinsights_skip_tracking":false,"_monsterinsights_sitenote_active":false,"_monsterinsights_sitenote_note":"","_monsterinsights_sitenote_category":0,"_uf_show_specific_survey":0,"_uf_disable_surveys":false,"_jetpack_memberships_contains_paid_content":false,"footnotes":"","jetpack_publicize_message":"Queremos una alberca Ol\u00edmpica en la UMSNH para el 2024: Rectora","jetpack_publicize_feature_enabled":true,"jetpack_social_post_already_shared":true,"jetpack_social_options":{"image_generator_settings":{"template":"highway","default_image_id":0,"enabled":false},"version":2}},"categories":[22],"tags":[],"class_list":{"0":"post-49995","1":"post","2":"type-post","3":"status-publish","4":"format-standard","5":"has-post-thumbnail","7":"category-educacion"},"aioseo_notices":[],"jetpack_publicize_connections":[],"jetpack_featured_media_url":"https:\/\/mediagroup.mx\/wp-content\/uploads\/2023\/10\/72dc4096-aa5b-4100-a93c-ca946c890f1a-scaled.jpeg","jetpack_sharing_enabled":true,"_links":{"self":[{"href":"https:\/\/mediagroup.mx\/index.php\/wp-json\/wp\/v2\/posts\/49995","targetHints":{"allow":["GET"]}}],"collection":[{"href":"https:\/\/mediagroup.mx\/index.php\/wp-json\/wp\/v2\/posts"}],"about":[{"href":"https:\/\/mediagroup.mx\/index.php\/wp-json\/wp\/v2\/types\/post"}],"author":[{"embeddable":true,"href":"https:\/\/mediagroup.mx\/index.php\/wp-json\/wp\/v2\/users\/2"}],"replies":[{"embeddable":true,"href":"https:\/\/mediagroup.mx\/index.php\/wp-json\/wp\/v2\/comments?post=49995"}],"version-history":[{"count":1,"href":"https:\/\/mediagroup.mx\/index.php\/wp-json\/wp\/v2\/posts\/49995\/revisions"}],"predecessor-version":[{"id":49997,"href":"https:\/\/mediagroup.mx\/index.php\/wp-json\/wp\/v2\/posts\/49995\/revisions\/49997"}],"wp:featuredmedia":[{"embeddable":true,"href":"https:\/\/mediagroup.mx\/index.php\/wp-json\/wp\/v2\/media\/49996"}],"wp:attachment":[{"href":"https:\/\/mediagroup.mx\/index.php\/wp-json\/wp\/v2\/media?parent=49995"}],"wp:term":[{"taxonomy":"category","embeddable":true,"href":"https:\/\/mediagroup.mx\/index.php\/wp-json\/wp\/v2\/categories?post=49995"},{"taxonomy":"post_tag","embeddable":true,"href":"https:\/\/mediagroup.mx\/index.php\/wp-json\/wp\/v2\/tags?post=49995"}],"curies":[{"name":"wp","href":"https:\/\/api.w.org\/{rel}","templated":true}]}}