{"id":50001,"date":"2023-10-24T17:25:51","date_gmt":"2023-10-24T17:25:51","guid":{"rendered":"https:\/\/mediagroup.mx\/?p=50001"},"modified":"2023-10-24T17:25:51","modified_gmt":"2023-10-24T17:25:51","slug":"fge-a-cargo-de-las-investigaciones-de-los-hechos-de-violencia-en-tacambaro-y-zamora-elias-ibarra-torres","status":"publish","type":"post","link":"https:\/\/mediagroup.mx\/index.php\/2023\/10\/24\/fge-a-cargo-de-las-investigaciones-de-los-hechos-de-violencia-en-tacambaro-y-zamora-elias-ibarra-torres\/","title":{"rendered":"FGE a cargo de las investigaciones de los hechos de violencia en Tac\u00e1mbaro y Zamora: Elias Ibarra Torres"},"content":{"rendered":"<p>El Secretario de Gobierno, Elias Ibarra Torres, fue cuestionado referente a los hechos violentos suscitados el d\u00eda de ayer en Tac\u00e1mbaro y Zamora, al respecto \u00e9l funcionario estatal expres\u00f3 que desde que se tuvo conocimiento de los acontecimientos, se implementaron operativos por aire y tierra.<\/p>\n<p>Asimismo, coment\u00f3 que reprueban cualquier acto de violencia que se genere en el estado, respecto a la balacera de Tac\u00e1mbaro dijo que se garantiz\u00f3 la seguridad de los ciudadanos y del Presidente Municipal, adem\u00e1s que las fuerzas estatales se encuentran trabajando de manera coordinada con la Fiscal\u00eda General de Michoac\u00e1n.<\/p>\n<p>Tambi\u00e9n, enfatiz\u00f3 en que que los trabajos de investigaci\u00f3n para esclarecer estos actos delictivos, ya est\u00e1n a cargo de la Fiscal\u00eda del Estado, por lo que habr\u00e1 que esperar a que sea esta instancia la que informe sobre los avances.<\/p>\n<p>De igual forma, expres\u00f3 que no se tenia conocimiento de alg\u00fan antecedente de amenaza, en contra del alcalde o de su hermano, quien result\u00f3 lesionado en este ataque armado.<\/p>\n<p>Ante pregunta expresa sobre un replanteamiento de la estrategia de seguridad, tras las agresiones courridas en Tacambaro (5 muertos, 3 heridos) y en Zamora (9 lesionados), Ibarra Torres indic\u00f3 que se est\u00e1 avanzando con la instalaci\u00f3n de Bases de Operaciones Interinstitucionales en las zonas m\u00e1s \u00e1lgidas del Estado, lo que ha permitido tener buenos avances.<\/p>\n<p>Por \u00faltimo, explic\u00f3 que los tres ordenes de gobierno se mantienen en coordinaci\u00f3n, para brindar la seguridad a todos los municipios, lo que ha permitido mantener una disminuci\u00f3n en la comisi\u00f3n del delito de homicidio.<\/p>\n","protected":false},"excerpt":{"rendered":"<p>El Secretario de Gobierno, Elias Ibarra Torres, fue cuestionado referente a los hechos violentos suscitados el d\u00eda de ayer en Tac\u00e1mbaro y Zamora, al respecto \u00e9l funcionario estatal expres\u00f3 que desde que se tuvo conocimiento de los acontecimientos, se implementaron operativos por aire y tierra. Asimismo, coment\u00f3 que reprueban cualquier acto de violencia que se [&hellip;]<\/p>\n","protected":false},"author":2,"featured_media":50002,"comment_status":"open","ping_status":"open","sticky":false,"template":"","format":"standard","meta":{"om_disable_all_campaigns":false,"_monsterinsights_skip_tracking":false,"_monsterinsights_sitenote_active":false,"_monsterinsights_sitenote_note":"","_monsterinsights_sitenote_category":0,"_uf_show_specific_survey":0,"_uf_disable_surveys":false,"_jetpack_memberships_contains_paid_content":false,"footnotes":"","jetpack_publicize_message":"FGE a cargo de las investigaciones de los hechos de violencia en Tac\u00e1mbaro y Zamora: Elias Ibarra Torres","jetpack_publicize_feature_enabled":true,"jetpack_social_post_already_shared":true,"jetpack_social_options":{"image_generator_settings":{"template":"highway","default_image_id":0,"enabled":false},"version":2}},"categories":[24],"tags":[],"class_list":{"0":"post-50001","1":"post","2":"type-post","3":"status-publish","4":"format-standard","5":"has-post-thumbnail","7":"category-seguridad"},"aioseo_notices":[],"jetpack_publicize_connections":[],"jetpack_featured_media_url":"https:\/\/mediagroup.mx\/wp-content\/uploads\/2023\/10\/75a31028-94cc-4e68-8887-ea6e112c98fa.jpeg","jetpack_sharing_enabled":true,"_links":{"self":[{"href":"https:\/\/mediagroup.mx\/index.php\/wp-json\/wp\/v2\/posts\/50001","targetHints":{"allow":["GET"]}}],"collection":[{"href":"https:\/\/mediagroup.mx\/index.php\/wp-json\/wp\/v2\/posts"}],"about":[{"href":"https:\/\/mediagroup.mx\/index.php\/wp-json\/wp\/v2\/types\/post"}],"author":[{"embeddable":true,"href":"https:\/\/mediagroup.mx\/index.php\/wp-json\/wp\/v2\/users\/2"}],"replies":[{"embeddable":true,"href":"https:\/\/mediagroup.mx\/index.php\/wp-json\/wp\/v2\/comments?post=50001"}],"version-history":[{"count":1,"href":"https:\/\/mediagroup.mx\/index.php\/wp-json\/wp\/v2\/posts\/50001\/revisions"}],"predecessor-version":[{"id":50003,"href":"https:\/\/mediagroup.mx\/index.php\/wp-json\/wp\/v2\/posts\/50001\/revisions\/50003"}],"wp:featuredmedia":[{"embeddable":true,"href":"https:\/\/mediagroup.mx\/index.php\/wp-json\/wp\/v2\/media\/50002"}],"wp:attachment":[{"href":"https:\/\/mediagroup.mx\/index.php\/wp-json\/wp\/v2\/media?parent=50001"}],"wp:term":[{"taxonomy":"category","embeddable":true,"href":"https:\/\/mediagroup.mx\/index.php\/wp-json\/wp\/v2\/categories?post=50001"},{"taxonomy":"post_tag","embeddable":true,"href":"https:\/\/mediagroup.mx\/index.php\/wp-json\/wp\/v2\/tags?post=50001"}],"curies":[{"name":"wp","href":"https:\/\/api.w.org\/{rel}","templated":true}]}}