{"id":50004,"date":"2023-10-25T01:15:03","date_gmt":"2023-10-25T01:15:03","guid":{"rendered":"https:\/\/mediagroup.mx\/?p=50004"},"modified":"2023-10-25T01:15:03","modified_gmt":"2023-10-25T01:15:03","slug":"con-la-participacion-de-casi-6-mil-personas-cierra-con-exito-la-9a-carrera-rosa-de-adriana-hernandez","status":"publish","type":"post","link":"https:\/\/mediagroup.mx\/index.php\/2023\/10\/25\/con-la-participacion-de-casi-6-mil-personas-cierra-con-exito-la-9a-carrera-rosa-de-adriana-hernandez\/","title":{"rendered":"Con la participaci\u00f3n de casi 6 mil personas, cierra con \u00e9xito la 9a Carrera Rosa de Adriana Hern\u00e1ndez"},"content":{"rendered":"<p style=\"text-align: justify;\">Con gran \u00e9xito concluy\u00f3 la 9a \u201cCarrera Rosa\u201d organizada por la diputada Adriana Hern\u00e1ndez \u00cd\u00f1iguez, misma que cont\u00f3 con la participaci\u00f3n de casi 6 mil personas, en los municipios de Puru\u00e1ndiro, La Piedad, Tanc\u00edtaro, Tingambato, Ario de Rosales, Contepec, y por segundo a\u00f1o consecutivo se realiz\u00f3 en Woodland, California, con michoacanas y michoacanos migrantes.<\/p>\n<p style=\"text-align: justify;\">\nEn este evento deportivo que tiene como principal objetivo visibilizar el c\u00e1ncer de mama, la legisladora se\u00f1al\u00f3 que desde el Poder Legislativo trabaja para que se atienda de la mejor manera esta enfermedad; prueba de ello es que se sum\u00f3 a favor del apoyo que se da por parte del Gobierno del Estado a mujeres que se encuentra en tratamiento, sin embargo puntualiz\u00f3 que las autoridades correspondientes tienen que garantizar el abasto de medicamentos, ya que sin ellos, el apoyo que reciben no es suficiente.<\/p>\n<p style=\"text-align: justify;\">\nEl cierre de esta edici\u00f3n de la Carrera fue en Contepec, en donde comparti\u00f3 que seg\u00fan datos del Instituto Nacional de Estad\u00edstica y Geograf\u00eda (INEGI), mientras a nivel nacional la tendencia de fallecimientos de mujeres por c\u00e1ncer de mama se ubica en 18 por cada 100 mil, en Michoac\u00e1n la tasa es de 15 mujeres. Por lo que se\u00f1al\u00f3 que este evento naci\u00f3 con la finalidad de visibilizar esta enfermedad, ya que hace nueve a\u00f1os era mucho menos atendida y detectada oportunamente.<\/p>\n<p style=\"text-align: justify;\">\n\u201cDebemos explorarnos y acudir a nuestro m\u00e9dico frecuentemente, porque el c\u00e1ncer de mama es el tipo de c\u00e1ncer m\u00e1s frecuente y la causa m\u00e1s com\u00fan de muerte en mujeres a nivel mundial; pero si se detecta a tiempo puede curarse\u201d, coment\u00f3 Hern\u00e1ndez \u00cd\u00f1iguez.<\/p>\n<p style=\"text-align: justify;\">\nY agradeci\u00f3 a las y los michoacanos de todas las edades que la acompa\u00f1aron este a\u00f1o en las actividades realizadas, \u201ccada vez somos m\u00e1s los que nos sumamos a esta lucha; somos m\u00e1s los que les decimos a las mujeres y hombres con c\u00e1ncer que no est\u00e1n solos, y aqu\u00ed seguiremos apoy\u00e1ndolos y levantando la voz\u201d.<\/p>\n<p style=\"text-align: justify;\">\nResalt\u00f3 adem\u00e1s que ma\u00f1ana mi\u00e9rcoles se votar\u00e1 en sesi\u00f3n del Congreso del Estado, la iniciativa que present\u00f3 para que se tipifique como violencia de g\u00e9nero cuando la pareja no le permita a una mujer tener su diagn\u00f3stico a tiempo y esto cause la perdida su vida.<\/p>\n","protected":false},"excerpt":{"rendered":"<p>Con gran \u00e9xito concluy\u00f3 la 9a \u201cCarrera Rosa\u201d organizada por la diputada Adriana Hern\u00e1ndez \u00cd\u00f1iguez, misma que cont\u00f3 con la participaci\u00f3n de casi 6 mil personas, en los municipios de Puru\u00e1ndiro, La Piedad, Tanc\u00edtaro, Tingambato, Ario de Rosales, Contepec, y por segundo a\u00f1o consecutivo se realiz\u00f3 en Woodland, California, con michoacanas y michoacanos migrantes. En [&hellip;]<\/p>\n","protected":false},"author":2,"featured_media":50005,"comment_status":"open","ping_status":"open","sticky":false,"template":"","format":"standard","meta":{"om_disable_all_campaigns":false,"_monsterinsights_skip_tracking":false,"_monsterinsights_sitenote_active":false,"_monsterinsights_sitenote_note":"","_monsterinsights_sitenote_category":0,"_uf_show_specific_survey":0,"_uf_disable_surveys":false,"_jetpack_memberships_contains_paid_content":false,"footnotes":"","jetpack_publicize_message":"Con la participaci\u00f3n de casi 6 mil personas, cierra con \u00e9xito la 9a Carrera Rosa de Adriana Hern\u00e1ndez","jetpack_publicize_feature_enabled":true,"jetpack_social_post_already_shared":true,"jetpack_social_options":{"image_generator_settings":{"template":"highway","default_image_id":0,"enabled":false},"version":2}},"categories":[15],"tags":[],"class_list":{"0":"post-50004","1":"post","2":"type-post","3":"status-publish","4":"format-standard","5":"has-post-thumbnail","7":"category-michoacan"},"aioseo_notices":[],"jetpack_publicize_connections":[],"jetpack_featured_media_url":"https:\/\/mediagroup.mx\/wp-content\/uploads\/2023\/10\/WhatsApp-Image-2023-10-24-at-8.10.48-PM.jpeg","jetpack_sharing_enabled":true,"_links":{"self":[{"href":"https:\/\/mediagroup.mx\/index.php\/wp-json\/wp\/v2\/posts\/50004","targetHints":{"allow":["GET"]}}],"collection":[{"href":"https:\/\/mediagroup.mx\/index.php\/wp-json\/wp\/v2\/posts"}],"about":[{"href":"https:\/\/mediagroup.mx\/index.php\/wp-json\/wp\/v2\/types\/post"}],"author":[{"embeddable":true,"href":"https:\/\/mediagroup.mx\/index.php\/wp-json\/wp\/v2\/users\/2"}],"replies":[{"embeddable":true,"href":"https:\/\/mediagroup.mx\/index.php\/wp-json\/wp\/v2\/comments?post=50004"}],"version-history":[{"count":1,"href":"https:\/\/mediagroup.mx\/index.php\/wp-json\/wp\/v2\/posts\/50004\/revisions"}],"predecessor-version":[{"id":50006,"href":"https:\/\/mediagroup.mx\/index.php\/wp-json\/wp\/v2\/posts\/50004\/revisions\/50006"}],"wp:featuredmedia":[{"embeddable":true,"href":"https:\/\/mediagroup.mx\/index.php\/wp-json\/wp\/v2\/media\/50005"}],"wp:attachment":[{"href":"https:\/\/mediagroup.mx\/index.php\/wp-json\/wp\/v2\/media?parent=50004"}],"wp:term":[{"taxonomy":"category","embeddable":true,"href":"https:\/\/mediagroup.mx\/index.php\/wp-json\/wp\/v2\/categories?post=50004"},{"taxonomy":"post_tag","embeddable":true,"href":"https:\/\/mediagroup.mx\/index.php\/wp-json\/wp\/v2\/tags?post=50004"}],"curies":[{"name":"wp","href":"https:\/\/api.w.org\/{rel}","templated":true}]}}