{"id":50043,"date":"2023-10-05T02:24:20","date_gmt":"2023-10-05T02:24:20","guid":{"rendered":"https:\/\/mediagroup.mx\/?p=50043"},"modified":"2023-10-25T02:25:10","modified_gmt":"2023-10-25T02:25:10","slug":"la-oposicion-corrupta-se-dedica-a-criticar-la-4t-responde-con-trabajo-y-avanza-en-materia-educativa-reyes-galindo","status":"publish","type":"post","link":"https:\/\/mediagroup.mx\/index.php\/2023\/10\/05\/la-oposicion-corrupta-se-dedica-a-criticar-la-4t-responde-con-trabajo-y-avanza-en-materia-educativa-reyes-galindo\/","title":{"rendered":"La oposici\u00f3n corrupta se dedica a criticar, la 4T responde con trabajo y avanza en materia educativa: Reyes Galindo"},"content":{"rendered":"<p style=\"text-align: justify;\">La oposici\u00f3n no halla como denostar los logros de la 4T, pero en el fondo sabe que las cosas se han hecho bien; prueba de ello es que en materia educativa durante el presente gobierno que encabeza Alfredo Ram\u00edrez Bedolla, tras 15 a\u00f1os de paros, Michoac\u00e1n tuvo un ciclo escolar sin suspensiones generalizadas\u201d, se\u00f1al\u00f3 el coordinador del Grupo Parlamentario del Partido del Trabajo (GPPT), en el Congreso de Michoac\u00e1n, Reyes Galindo Pedraza.<\/p>\n<p style=\"text-align: justify;\">Luego de haberse discutido durante la sesi\u00f3n de este mi\u00e9rcoles la Glosa del Primer Informe de Gobierno del Poder Ejecutivo del Estado en Materia de Educaci\u00f3n, el l\u00edder de la bancada petista se\u00f1al\u00f3 que aquellos que ya no tienen el control del poder son los que esperan a cada instante que el gobierno que eligi\u00f3 el pueblo fracase, situaci\u00f3n que dijo no dejar\u00e1n que se repita, puesto que los \u00fanicos perjudicados son las y los ciudadanos.<\/p>\n<p style=\"text-align: justify;\">\u201cLos de la derecha est\u00e1n enojados, porque quieren que todo siga como antes: paro tras paro, cierre tras cierre de vialidades en toda la entidad, que el magisterio se vuelque contra las autoridades para que contin\u00faen los disturbios, la inestabilidad social y la falta de gobernanza; pero eso ya qued\u00f3 atr\u00e1s con este gobierno que le ha apostado a la verdadera transformaci\u00f3n y sobre todo ha cre\u00eddo y trabajado desde el primer d\u00eda de la mano del pueblo\u201d, expres\u00f3 el congresista.<\/p>\n<p style=\"text-align: justify;\">Reyes Galindo record\u00f3 que parte de los logros en materia educativa se ha derivado de la transparencia y el uso adecuado de los recursos, gracias a ello no ha habido retrasos en los pagos hacia el sector educativo y se sald\u00f3 una deuda hist\u00f3rica de 8 mil millones de pesos, adem\u00e1s de que se han tarjetizado al 99 por ciento del magisterio para que cobren v\u00eda bancaria, lo que ha sido una medida toral contra la corrupci\u00f3n y ha agilizado los pagos para las y los profesores.<\/p>\n<p style=\"text-align: justify;\">\u201cLa oposici\u00f3n corrupta exige cosas que ellos estando al frente de las instituciones no pudieron cumplir, critican y se\u00f1alan, pero se les olvida que durante su gobierno no lograron absolutamente nada mas que perjudicar a las y los ni\u00f1os porque no les cumpl\u00edan a los miles de maestros en Michoac\u00e1n, a los mismos que hac\u00edan ver como los malos de la historia solo por exigir lo que por derecho les corresponde: sus pagos en tiempo y forma; en la 4T no permitiremos que nunca m\u00e1s se repita esta situaci\u00f3n\u201d, concluy\u00f3 el l\u00edder parlamentario del PT.<\/p>\n","protected":false},"excerpt":{"rendered":"<p>La oposici\u00f3n no halla como denostar los logros de la 4T, pero en el fondo sabe que las cosas se han hecho bien; prueba de ello es que en materia educativa durante el presente gobierno que encabeza Alfredo Ram\u00edrez Bedolla, tras 15 a\u00f1os de paros, Michoac\u00e1n tuvo un ciclo escolar sin suspensiones generalizadas\u201d, se\u00f1al\u00f3 el [&hellip;]<\/p>\n","protected":false},"author":2,"featured_media":50044,"comment_status":"open","ping_status":"open","sticky":false,"template":"","format":"standard","meta":{"om_disable_all_campaigns":false,"_monsterinsights_skip_tracking":false,"_monsterinsights_sitenote_active":false,"_monsterinsights_sitenote_note":"","_monsterinsights_sitenote_category":0,"_uf_show_specific_survey":0,"_uf_disable_surveys":false,"_jetpack_memberships_contains_paid_content":false,"footnotes":"","jetpack_publicize_message":"La oposici\u00f3n corrupta se dedica a criticar, la 4T responde con trabajo y avanza en materia educativa: Reyes Galindo","jetpack_publicize_feature_enabled":true,"jetpack_social_post_already_shared":true,"jetpack_social_options":{"image_generator_settings":{"template":"highway","default_image_id":0,"enabled":false},"version":2}},"categories":[15],"tags":[],"class_list":{"0":"post-50043","1":"post","2":"type-post","3":"status-publish","4":"format-standard","5":"has-post-thumbnail","7":"category-michoacan"},"aioseo_notices":[],"jetpack_publicize_connections":[],"jetpack_featured_media_url":"https:\/\/mediagroup.mx\/wp-content\/uploads\/2023\/10\/WhatsApp-Image-2023-10-08-at-8.50.52-PM.jpeg","jetpack_sharing_enabled":true,"_links":{"self":[{"href":"https:\/\/mediagroup.mx\/index.php\/wp-json\/wp\/v2\/posts\/50043","targetHints":{"allow":["GET"]}}],"collection":[{"href":"https:\/\/mediagroup.mx\/index.php\/wp-json\/wp\/v2\/posts"}],"about":[{"href":"https:\/\/mediagroup.mx\/index.php\/wp-json\/wp\/v2\/types\/post"}],"author":[{"embeddable":true,"href":"https:\/\/mediagroup.mx\/index.php\/wp-json\/wp\/v2\/users\/2"}],"replies":[{"embeddable":true,"href":"https:\/\/mediagroup.mx\/index.php\/wp-json\/wp\/v2\/comments?post=50043"}],"version-history":[{"count":1,"href":"https:\/\/mediagroup.mx\/index.php\/wp-json\/wp\/v2\/posts\/50043\/revisions"}],"predecessor-version":[{"id":50045,"href":"https:\/\/mediagroup.mx\/index.php\/wp-json\/wp\/v2\/posts\/50043\/revisions\/50045"}],"wp:featuredmedia":[{"embeddable":true,"href":"https:\/\/mediagroup.mx\/index.php\/wp-json\/wp\/v2\/media\/50044"}],"wp:attachment":[{"href":"https:\/\/mediagroup.mx\/index.php\/wp-json\/wp\/v2\/media?parent=50043"}],"wp:term":[{"taxonomy":"category","embeddable":true,"href":"https:\/\/mediagroup.mx\/index.php\/wp-json\/wp\/v2\/categories?post=50043"},{"taxonomy":"post_tag","embeddable":true,"href":"https:\/\/mediagroup.mx\/index.php\/wp-json\/wp\/v2\/tags?post=50043"}],"curies":[{"name":"wp","href":"https:\/\/api.w.org\/{rel}","templated":true}]}}