{"id":50109,"date":"2023-10-25T02:48:02","date_gmt":"2023-10-25T02:48:02","guid":{"rendered":"https:\/\/mediagroup.mx\/?p=50109"},"modified":"2023-10-25T02:48:02","modified_gmt":"2023-10-25T02:48:02","slug":"juan-carlos-barragan-propone-sancionar-con-carcel-a-quienes-quemen-desechos-al-aire-libre","status":"publish","type":"post","link":"https:\/\/mediagroup.mx\/index.php\/2023\/10\/25\/juan-carlos-barragan-propone-sancionar-con-carcel-a-quienes-quemen-desechos-al-aire-libre\/","title":{"rendered":"Juan Carlos Barrag\u00e1n propone sancionar con c\u00e1rcel a quienes quemen desechos al aire libre"},"content":{"rendered":"<p style=\"text-align: justify;\">Al considerar que la quema a cielo abierto de residuos s\u00f3lidos est\u00e1 perjudicando la salud de millones de personas, el diputado Juan Carlos Barrag\u00e1n V\u00e9lez propone c\u00e1rcel para quienes lo hagan sin las medidas pertinentes.<\/p>\n<p style=\"text-align: justify;\">El diputado de Morena, propone adicionar al art\u00edculo 302 del C\u00f3digo Penal del Estado una fracci\u00f3n que incluya sanciones de seis meses a nueve a\u00f1os de prisi\u00f3n y de cien a tres mil d\u00edas multa, a quien queme cualquier material, desecho o residuo s\u00f3lido urbano y de manejo especial.<\/p>\n<p style=\"text-align: justify;\">\u201cLa quema a cielo abierto es inaceptable, nos trae como consecuencia el cambio clim\u00e1tico el cual afecta a todos los pa\u00edses en todos los continentes. Tiene un impacto negativo en la econom\u00eda nacional y en la vida de las personas, de las comunidades y de los pa\u00edses. En un futuro las consecuencias ser\u00e1n irreversibles\u201d, mencion\u00f3.<\/p>\n<p style=\"text-align: justify;\">El tambi\u00e9n presidente de la Comisi\u00f3n de Desarrollo Social, record\u00f3 el incendi\u00f3 que ocurri\u00f3 en una recicladora de llantas hace unos meses en salida Salamanca, que dej\u00f3 graves afectaciones al medio ambiente, sin embargo, no hay registro de personas que hayan sido sancionadas por este hecho.<\/p>\n<p style=\"text-align: justify;\">La iniciativa ser\u00e1 presentada en la pr\u00f3xima sesi\u00f3n del Congreso del Estado, por lo que Barrag\u00e1n espera contar con el respaldo de las y los diputados para sacar adelante esta reforma.<\/p>\n","protected":false},"excerpt":{"rendered":"<p>Al considerar que la quema a cielo abierto de residuos s\u00f3lidos est\u00e1 perjudicando la salud de millones de personas, el diputado Juan Carlos Barrag\u00e1n V\u00e9lez propone c\u00e1rcel para quienes lo hagan sin las medidas pertinentes. El diputado de Morena, propone adicionar al art\u00edculo 302 del C\u00f3digo Penal del Estado una fracci\u00f3n que incluya sanciones de [&hellip;]<\/p>\n","protected":false},"author":2,"featured_media":50110,"comment_status":"open","ping_status":"open","sticky":false,"template":"","format":"standard","meta":{"om_disable_all_campaigns":false,"_monsterinsights_skip_tracking":false,"_monsterinsights_sitenote_active":false,"_monsterinsights_sitenote_note":"","_monsterinsights_sitenote_category":0,"_uf_show_specific_survey":0,"_uf_disable_surveys":false,"_jetpack_memberships_contains_paid_content":false,"footnotes":"","jetpack_publicize_message":"Juan Carlos Barrag\u00e1n propone sancionar con c\u00e1rcel a quienes quemen desechos al aire libre","jetpack_publicize_feature_enabled":true,"jetpack_social_post_already_shared":true,"jetpack_social_options":{"image_generator_settings":{"template":"highway","default_image_id":0,"enabled":false},"version":2}},"categories":[15],"tags":[],"class_list":{"0":"post-50109","1":"post","2":"type-post","3":"status-publish","4":"format-standard","5":"has-post-thumbnail","7":"category-michoacan"},"aioseo_notices":[],"jetpack_publicize_connections":[],"jetpack_featured_media_url":"https:\/\/mediagroup.mx\/wp-content\/uploads\/2023\/10\/WhatsApp-Image-2023-10-24-at-2.19.52-PM.jpeg","jetpack_sharing_enabled":true,"_links":{"self":[{"href":"https:\/\/mediagroup.mx\/index.php\/wp-json\/wp\/v2\/posts\/50109","targetHints":{"allow":["GET"]}}],"collection":[{"href":"https:\/\/mediagroup.mx\/index.php\/wp-json\/wp\/v2\/posts"}],"about":[{"href":"https:\/\/mediagroup.mx\/index.php\/wp-json\/wp\/v2\/types\/post"}],"author":[{"embeddable":true,"href":"https:\/\/mediagroup.mx\/index.php\/wp-json\/wp\/v2\/users\/2"}],"replies":[{"embeddable":true,"href":"https:\/\/mediagroup.mx\/index.php\/wp-json\/wp\/v2\/comments?post=50109"}],"version-history":[{"count":1,"href":"https:\/\/mediagroup.mx\/index.php\/wp-json\/wp\/v2\/posts\/50109\/revisions"}],"predecessor-version":[{"id":50111,"href":"https:\/\/mediagroup.mx\/index.php\/wp-json\/wp\/v2\/posts\/50109\/revisions\/50111"}],"wp:featuredmedia":[{"embeddable":true,"href":"https:\/\/mediagroup.mx\/index.php\/wp-json\/wp\/v2\/media\/50110"}],"wp:attachment":[{"href":"https:\/\/mediagroup.mx\/index.php\/wp-json\/wp\/v2\/media?parent=50109"}],"wp:term":[{"taxonomy":"category","embeddable":true,"href":"https:\/\/mediagroup.mx\/index.php\/wp-json\/wp\/v2\/categories?post=50109"},{"taxonomy":"post_tag","embeddable":true,"href":"https:\/\/mediagroup.mx\/index.php\/wp-json\/wp\/v2\/tags?post=50109"}],"curies":[{"name":"wp","href":"https:\/\/api.w.org\/{rel}","templated":true}]}}