{"id":50112,"date":"2023-10-25T02:48:53","date_gmt":"2023-10-25T02:48:53","guid":{"rendered":"https:\/\/mediagroup.mx\/?p=50112"},"modified":"2023-10-25T02:48:53","modified_gmt":"2023-10-25T02:48:53","slug":"amazona-el-retrato-de-sobrevivientes-de-cancer-de-mama-exposicion-fotografica-en-la-umsnh","status":"publish","type":"post","link":"https:\/\/mediagroup.mx\/index.php\/2023\/10\/25\/amazona-el-retrato-de-sobrevivientes-de-cancer-de-mama-exposicion-fotografica-en-la-umsnh\/","title":{"rendered":"\u201cAmazona, el retrato de sobrevivientes de c\u00e1ncer de mama\u201d, exposici\u00f3n fotogr\u00e1fica en la UMSNH"},"content":{"rendered":"<p style=\"text-align: justify;\">Los pasillos centrales de Ciudad Universitaria son el marco de la exposici\u00f3n fotogr\u00e1fica \u201cAmazonias, el retrato de sobrevivientes de c\u00e1ncer de mama\u201d, de la autor\u00eda del egresado nicolaita, Luis Anguiano, que busca crear conciencia sobre dicho padecimiento, la cual fue inaugurada por la rectora de la Universidad Michoacana de San Nicol\u00e1s de Hidalgo (UMSNH), Yarab\u00ed \u00c1vila Gonz\u00e1lez.<\/p>\n<p style=\"text-align: justify;\">Al hacer uso de la palabra, se\u00f1al\u00f3 que esta muestra invita a la sensibilizaci\u00f3n sobre el c\u00e1ncer de mama, por lo que felicit\u00f3 al autor por esta reflexi\u00f3n y empat\u00eda a trav\u00e9s de su obra, que con im\u00e1genes muestra la importancia de la prevenci\u00f3n y el cuidado de la salud.<\/p>\n<p style=\"text-align: justify;\">\u201cPero sobre todo el utilizar estos pasillos de la Universidad para generar en cada uno de nosotros estos lazos de hermandad, sensibilidad y empat\u00eda en temas tan importantes como es el c\u00e1ncer de mama\u201d.<\/p>\n<p style=\"text-align: justify;\">Durante el evento se cont\u00f3 con el testimonial de la trabajadora administrativa de la UMSNH y sobreviviente de c\u00e1ncer de mama, Mar\u00eda Natividad Vera Rodr\u00edguez, quien comparti\u00f3 una remembranza respecto a lo que ella vivi\u00f3 hace aproximadamente cinco a\u00f1os al padecer esta enfermedad, la cual dijo, es un proceso muy fuerte.<\/p>\n<p style=\"text-align: justify;\">\u201cPero sacas fuerzas porque la familia te acompa\u00f1a para resistir este proceso dram\u00e1tico\u201d, por lo que invit\u00f3 a las mujeres a explorarse de manera constante para que cualquier s\u00edntoma que se presente pueda ser atendido a tiempo y salvar su vida; de igual forma hizo la invitaci\u00f3n para que los hombres tambi\u00e9n se chequen y realicen la prueba del ant\u00edgeno prost\u00e1tico espec\u00edfico (PSA), pues tampoco est\u00e1n exentos a esta problem\u00e1tica que aqueja a los seres humanos hoy en d\u00eda.<\/p>\n<p style=\"text-align: justify;\">Por lo anterior, la rectora agradeci\u00f3 el mensaje de Mar\u00eda Vera al compartir su experiencia y por sensibilizar sobre lo importante que es la exploraci\u00f3n y la prevenci\u00f3n de la salud, \u201ca veces perdemos mucho tiempo en cuestiones que no son importantes y olvidamos lo m\u00e1s importante que es la vida y nuestro cuerpo, el medio de transporte que nos permite hacer, disfrutar, sentir, sufrir, gritar y apasionarnos\u201d.<\/p>\n<p style=\"text-align: justify;\">Yarab\u00ed \u00c1vila expres\u00f3 que ella vivi\u00f3 una situaci\u00f3n similar, pues coment\u00f3 que escuchar la palabra c\u00e1ncer genera un temor en la persona y en toda la familia, \u201cyo tambi\u00e9n fui en determinado momento frente a un m\u00e9dico cuando justamente me diagnosticaron c\u00e1ncer de tiroides, hoy no tengo tiroides, pero por fortuna lo hice en tiempo y forma, por eso hablamos de la importancia que es explorarnos y no dejar las cosas para despu\u00e9s\u201d.<\/p>\n<p style=\"text-align: justify;\">En este sentido, resalt\u00f3 la importancia de realizar estas reflexiones al interior de la UMSNH, tras referir que es necesario abordar este tema, no solamente en el mes de octubre que se conmemora el D\u00eda Internacional de Lucha contra el C\u00e1ncer de Mama, sino los 365 d\u00edas del a\u00f1o.<\/p>\n<p style=\"text-align: justify;\">Finalmente, el autor de la exposici\u00f3n fotogr\u00e1fica, Luis Anguiano, se\u00f1al\u00f3 que \u201cAmazonas\u201d, es el retrato de una representaci\u00f3n art\u00edstica centrada en la personalidad, agreg\u00f3 que este proyecto surge como una necesidad de concientizaci\u00f3n ante la marginaci\u00f3n visual del constructo social sobre el c\u00e1ncer de mama, en donde unos ven drama, otros ven coyuntura, denuncia, libertad y paz emocional.<\/p>\n<p style=\"text-align: justify;\">\u201cNos muestra con im\u00e1genes lo que con palabras no se puede expresar. Se habla por ti que ya no est\u00e1s, por ti que est\u00e1s en la lucha y simplemente por ti, porque al practicarse una mastectom\u00eda hablamos de ganar la vida entera\u201d, afirm\u00f3 el autor de la obra.<\/p>\n<p style=\"text-align: justify;\">La exposici\u00f3n estar\u00e1 abierta al p\u00fablico durante el mes de octubre. Asistieron a la inauguraci\u00f3n la secretaria Auxiliar, Monika Guti\u00e9rrez; el secretario de Difusi\u00f3n Cultural y Extensi\u00f3n Universitaria, Miguel \u00c1ngel Villa y la coordinadora de Planeaci\u00f3n, Infraestructura y Fortalecimiento Universitario, Cindy Lara G\u00f3mez.<\/p>\n","protected":false},"excerpt":{"rendered":"<p>Los pasillos centrales de Ciudad Universitaria son el marco de la exposici\u00f3n fotogr\u00e1fica \u201cAmazonias, el retrato de sobrevivientes de c\u00e1ncer de mama\u201d, de la autor\u00eda del egresado nicolaita, Luis Anguiano, que busca crear conciencia sobre dicho padecimiento, la cual fue inaugurada por la rectora de la Universidad Michoacana de San Nicol\u00e1s de Hidalgo (UMSNH), Yarab\u00ed [&hellip;]<\/p>\n","protected":false},"author":2,"featured_media":50113,"comment_status":"open","ping_status":"open","sticky":false,"template":"","format":"standard","meta":{"om_disable_all_campaigns":false,"_monsterinsights_skip_tracking":false,"_monsterinsights_sitenote_active":false,"_monsterinsights_sitenote_note":"","_monsterinsights_sitenote_category":0,"_uf_show_specific_survey":0,"_uf_disable_surveys":false,"_jetpack_memberships_contains_paid_content":false,"footnotes":"","jetpack_publicize_message":"\u201cAmazona, el retrato de sobrevivientes de c\u00e1ncer de mama\u201d, exposici\u00f3n fotogr\u00e1fica en la UMSNH","jetpack_publicize_feature_enabled":true,"jetpack_social_post_already_shared":true,"jetpack_social_options":{"image_generator_settings":{"template":"highway","default_image_id":0,"enabled":false},"version":2}},"categories":[22],"tags":[],"class_list":{"0":"post-50112","1":"post","2":"type-post","3":"status-publish","4":"format-standard","5":"has-post-thumbnail","7":"category-educacion"},"aioseo_notices":[],"jetpack_publicize_connections":[],"jetpack_featured_media_url":"https:\/\/mediagroup.mx\/wp-content\/uploads\/2023\/10\/WhatsApp-Image-2023-10-24-at-3.13.37-PM-scaled.jpeg","jetpack_sharing_enabled":true,"_links":{"self":[{"href":"https:\/\/mediagroup.mx\/index.php\/wp-json\/wp\/v2\/posts\/50112","targetHints":{"allow":["GET"]}}],"collection":[{"href":"https:\/\/mediagroup.mx\/index.php\/wp-json\/wp\/v2\/posts"}],"about":[{"href":"https:\/\/mediagroup.mx\/index.php\/wp-json\/wp\/v2\/types\/post"}],"author":[{"embeddable":true,"href":"https:\/\/mediagroup.mx\/index.php\/wp-json\/wp\/v2\/users\/2"}],"replies":[{"embeddable":true,"href":"https:\/\/mediagroup.mx\/index.php\/wp-json\/wp\/v2\/comments?post=50112"}],"version-history":[{"count":1,"href":"https:\/\/mediagroup.mx\/index.php\/wp-json\/wp\/v2\/posts\/50112\/revisions"}],"predecessor-version":[{"id":50114,"href":"https:\/\/mediagroup.mx\/index.php\/wp-json\/wp\/v2\/posts\/50112\/revisions\/50114"}],"wp:featuredmedia":[{"embeddable":true,"href":"https:\/\/mediagroup.mx\/index.php\/wp-json\/wp\/v2\/media\/50113"}],"wp:attachment":[{"href":"https:\/\/mediagroup.mx\/index.php\/wp-json\/wp\/v2\/media?parent=50112"}],"wp:term":[{"taxonomy":"category","embeddable":true,"href":"https:\/\/mediagroup.mx\/index.php\/wp-json\/wp\/v2\/categories?post=50112"},{"taxonomy":"post_tag","embeddable":true,"href":"https:\/\/mediagroup.mx\/index.php\/wp-json\/wp\/v2\/tags?post=50112"}],"curies":[{"name":"wp","href":"https:\/\/api.w.org\/{rel}","templated":true}]}}