{"id":50118,"date":"2023-10-25T02:50:23","date_gmt":"2023-10-25T02:50:23","guid":{"rendered":"https:\/\/mediagroup.mx\/?p=50118"},"modified":"2023-10-25T02:50:23","modified_gmt":"2023-10-25T02:50:23","slug":"umsnh-punto-de-referencia-en-la-generacion-de-conocimiento-para-la-investigacion-secretario-academico","status":"publish","type":"post","link":"https:\/\/mediagroup.mx\/index.php\/2023\/10\/25\/umsnh-punto-de-referencia-en-la-generacion-de-conocimiento-para-la-investigacion-secretario-academico\/","title":{"rendered":"UMSNH, punto de referencia en la generaci\u00f3n de conocimiento para la investigaci\u00f3n: Secretario Acad\u00e9mico"},"content":{"rendered":"<p style=\"text-align: justify;\">\u201cNuestra instituci\u00f3n a lo largo de m\u00e1s de un siglo de existencia ha sido un motor de conocimiento y desarrollo en nuestra regi\u00f3n, hoy continuamos siendo un punto de referencia y refrendamos nuestro compromiso con la educaci\u00f3n superior de calidad, la investigaci\u00f3n y su impacto positivo en la sociedad es inquebrantable\u201d, asegur\u00f3 el secretario Acad\u00e9mico de la Universidad Michoacana de San Nicol\u00e1s de Hidalgo (UMSNH), Jorge Fonseca Madrigal.<\/p>\n<p style=\"text-align: justify;\">Lo anterior al asistir con la representaci\u00f3n de la rectora Yarab\u00ed \u00c1vila Gonz\u00e1lez, al acto inaugural del 19 Seminario Internacional sobre Desarrollo Regional, que organiza el Instituto de Investigaciones Econ\u00f3micas y Empresariales (ININEE) en el marco del XXII aniversario de su fundaci\u00f3n.<\/p>\n<p style=\"text-align: justify;\">Fonseca Madrigal calific\u00f3 esta actividad como un testimonio del compromiso continuo de la casa de estudios con la excelencia acad\u00e9mica, la investigaci\u00f3n de vanguardia y el an\u00e1lisis cr\u00edtico de los desaf\u00edos en el \u00e1mbito regional y global.<\/p>\n<p style=\"text-align: justify;\">El tema de este a\u00f1o \u201cDesaf\u00edos actuales de la Geopol\u00edtica el Desarrollo y el Territorio. Perspectivas desde M\u00e9xico y Michoac\u00e1n\u201d, a\u00f1adi\u00f3, refleja la importancia de abordar cuestiones fundamentales que afectan tanto a las comunidades locales como al mundo en su conjunto.<\/p>\n<p style=\"text-align: justify;\">Consider\u00f3 que, en estos tiempos de cambios acelerados y desaf\u00edos complejos, es fundamental contar con foros de discusi\u00f3n y colaboraci\u00f3n como este seminario, donde la interacci\u00f3n entre expertos, acad\u00e9micos, acad\u00e9micas y profesionales es esencial para avanzar en la comprensi\u00f3n de los retos que enfrentamos y buscar soluciones innovadoras.<\/p>\n<p style=\"text-align: justify;\">Agradeci\u00f3 a todas y todos los investigadores, ponentes y participantes que se unieron para enriquecer las actividades del seminario, \u201cesperamos que estas jornadas de reflexi\u00f3n y di\u00e1logo sean fruct\u00edferas y que las perspectivas compartidas nos ayuden a avanzar hacia soluciones efectivas para los retos que enfrentamos en el desarrollo regional\u201d.<\/p>\n<p style=\"text-align: justify;\">La directora del ININEE, Am\u00e9rica Ivonne Zamora Torres, coment\u00f3 que las habilidades colectivas y la capacidad de cooperaci\u00f3n a gran escala son los aspectos que han definido en los \u00faltimos a\u00f1os el destino de este planeta, \u201cninguno de nosotros es m\u00e1s inteligente que todos nosotros juntos, es entonces nuestra capacidad de colaboraci\u00f3n y trabajo la que nos ha hecho crecer como especie, esta capacidad colectiva de creer en un sue\u00f1o y trabajar por ello es lo que ha hecho que hoy estemos celebrando el vig\u00e9simo segundo aniversario de nuestro instituto\u201d.<\/p>\n<p style=\"text-align: justify;\">La funcionaria coment\u00f3 que la creaci\u00f3n del Instituto se remonta al a\u00f1o 2001, por lo que reconoci\u00f3 a quienes participaron para que se concretara. Sostuvo que el ININEE contin\u00faa creciendo, mejorando y aportando a la sociedad.<\/p>\n<p style=\"text-align: justify;\">Finalmente invit\u00f3 a las y los presentes a participar en todas las actividades del Seminario, cuyo objetivo explic\u00f3, es generar propuestas de desarrollo regional a partir de un entendimiento y una visi\u00f3n integral de los entornos territoriales y a la vez que se van a analizar casos de estudio exitoso y tendencias, sobre las pol\u00edticas de desarrollo regional a distintas escalas.<\/p>\n<p style=\"text-align: justify;\">Asistieron al evento la directora de la Facultad de Econom\u00eda, Katia Beatriz Villaf\u00e1n Vidales; Casimiro Leco Tom\u00e1s, coordinador del Centro de Estudios Migratorios; Odette Virginia Delf\u00edn Ortega, coordinadora del Centro de Estudios APEC; Jos\u00e9 Od\u00f3n Garc\u00eda Garc\u00eda, coordinador del Centro de Estudios Alimentarios y de Desarrollo Rural; y Pablo Wong Gonz\u00e1lez, conferencista magistral.<\/p>\n","protected":false},"excerpt":{"rendered":"<p>\u201cNuestra instituci\u00f3n a lo largo de m\u00e1s de un siglo de existencia ha sido un motor de conocimiento y desarrollo en nuestra regi\u00f3n, hoy continuamos siendo un punto de referencia y refrendamos nuestro compromiso con la educaci\u00f3n superior de calidad, la investigaci\u00f3n y su impacto positivo en la sociedad es inquebrantable\u201d, asegur\u00f3 el secretario Acad\u00e9mico [&hellip;]<\/p>\n","protected":false},"author":2,"featured_media":50119,"comment_status":"open","ping_status":"open","sticky":false,"template":"","format":"standard","meta":{"om_disable_all_campaigns":false,"_monsterinsights_skip_tracking":false,"_monsterinsights_sitenote_active":false,"_monsterinsights_sitenote_note":"","_monsterinsights_sitenote_category":0,"_uf_show_specific_survey":0,"_uf_disable_surveys":false,"_jetpack_memberships_contains_paid_content":false,"footnotes":"","jetpack_publicize_message":"UMSNH, punto de referencia en la generaci\u00f3n de conocimiento para la investigaci\u00f3n: Secretario Acad\u00e9mico","jetpack_publicize_feature_enabled":true,"jetpack_social_post_already_shared":true,"jetpack_social_options":{"image_generator_settings":{"template":"highway","default_image_id":0,"enabled":false},"version":2}},"categories":[22],"tags":[],"class_list":{"0":"post-50118","1":"post","2":"type-post","3":"status-publish","4":"format-standard","5":"has-post-thumbnail","7":"category-educacion"},"aioseo_notices":[],"jetpack_publicize_connections":[],"jetpack_featured_media_url":"https:\/\/mediagroup.mx\/wp-content\/uploads\/2023\/10\/WhatsApp-Image-2023-10-24-at-4.53.39-PM.jpeg","jetpack_sharing_enabled":true,"_links":{"self":[{"href":"https:\/\/mediagroup.mx\/index.php\/wp-json\/wp\/v2\/posts\/50118","targetHints":{"allow":["GET"]}}],"collection":[{"href":"https:\/\/mediagroup.mx\/index.php\/wp-json\/wp\/v2\/posts"}],"about":[{"href":"https:\/\/mediagroup.mx\/index.php\/wp-json\/wp\/v2\/types\/post"}],"author":[{"embeddable":true,"href":"https:\/\/mediagroup.mx\/index.php\/wp-json\/wp\/v2\/users\/2"}],"replies":[{"embeddable":true,"href":"https:\/\/mediagroup.mx\/index.php\/wp-json\/wp\/v2\/comments?post=50118"}],"version-history":[{"count":1,"href":"https:\/\/mediagroup.mx\/index.php\/wp-json\/wp\/v2\/posts\/50118\/revisions"}],"predecessor-version":[{"id":50120,"href":"https:\/\/mediagroup.mx\/index.php\/wp-json\/wp\/v2\/posts\/50118\/revisions\/50120"}],"wp:featuredmedia":[{"embeddable":true,"href":"https:\/\/mediagroup.mx\/index.php\/wp-json\/wp\/v2\/media\/50119"}],"wp:attachment":[{"href":"https:\/\/mediagroup.mx\/index.php\/wp-json\/wp\/v2\/media?parent=50118"}],"wp:term":[{"taxonomy":"category","embeddable":true,"href":"https:\/\/mediagroup.mx\/index.php\/wp-json\/wp\/v2\/categories?post=50118"},{"taxonomy":"post_tag","embeddable":true,"href":"https:\/\/mediagroup.mx\/index.php\/wp-json\/wp\/v2\/tags?post=50118"}],"curies":[{"name":"wp","href":"https:\/\/api.w.org\/{rel}","templated":true}]}}