{"id":50121,"date":"2023-10-25T02:51:05","date_gmt":"2023-10-25T02:51:05","guid":{"rendered":"https:\/\/mediagroup.mx\/?p=50121"},"modified":"2023-10-25T02:51:05","modified_gmt":"2023-10-25T02:51:05","slug":"el-poder-legislativo-capacita-a-trabajadores-en-lengua-de-senas-mexicanas","status":"publish","type":"post","link":"https:\/\/mediagroup.mx\/index.php\/2023\/10\/25\/el-poder-legislativo-capacita-a-trabajadores-en-lengua-de-senas-mexicanas\/","title":{"rendered":"El Poder Legislativo capacita a trabajadores en Lengua de Se\u00f1as Mexicanas"},"content":{"rendered":"<p style=\"text-align: justify;\">La Diputada Laura Ivonne Pantoja Abascal, Presidenta de la Mesa Directiva, en compa\u00f1\u00eda del Secretario General del Sindicato de los Trabajadores al Servicio del Poder Legislativo (STASPLE), Rogelio Andrade Vargas; de la Secretaria de Trabajo y Conflicto, Edelmira Mendoza Moreno; y del Secretario de Organizaci\u00f3n, Estad\u00edstica y Propaganda, Raymundo Romero Monroy, clausur\u00f3 el Taller de Lengua de Se\u00f1as, Nivel 2, impartido a personal del Poder Legislativo.<\/p>\n<p style=\"text-align: justify;\">La legisladora felicit\u00f3 a cada uno de los integrantes del grupo que continuaron con su capacitaci\u00f3n en materia de lengua de se\u00f1as mexicanas, con lo que, dijo, generar\u00e1n cambios positivos no s\u00f3lo en el \u00e1rea laboral, sino en el entorno de cada uno, impulsando una sociedad m\u00e1s emp\u00e1tica e inclusiva.<\/p>\n<p style=\"text-align: justify;\">Laura Ivonne Pantoja, reconoci\u00f3 el trabajo en conjunto del Congreso del Estado con el Sindicato para brindar las condiciones que permite capacitar al personal con la finalidad de contar con trabajadores que puedan comunicarse con aquellos que hasta ahora no han podido acercarse ante el Poder Legislativo, por no poder expresarse en sus necesidades.<\/p>\n<p style=\"text-align: justify;\">En el acto protocolario, Rogelio Andrade, destac\u00f3 que actualmente 90 trabajadores en distintos grupos se han capacitado en el taller de lengua de se\u00f1as impartido por Anayeli Hern\u00e1ndez Le\u00f3n en los edificios de la Casona y de la Auditor\u00eda Superior de Michoac\u00e1n, con la finalidad de que en las distintas oficinas del Poder Legislativo se cuente con personal que pueda atender a personas que vivan con este tipo de discapacidad.<\/p>\n<p style=\"text-align: justify;\">En la ceremonia de clausura, la Presidenta de la Mesa Directiva y dirigentes del Sindicato de los Trabajadores al Servicio del Poder Legislativo fueron testigos del avance de los alumnos del taller cuando \u00e9stos hicieron la representaci\u00f3n teatral de \u201cEl Lobo y los 7 cabritos\u201d.<\/p>\n<p style=\"text-align: justify;\">La constancia que acredita el curso fue recibida por: Amalia, Amara, Ang\u00e9lica, Claudia, Irene, Mayt\u00e9, Natalia, Virginia, Gloria y Julio C\u00e9sar.<\/p>\n","protected":false},"excerpt":{"rendered":"<p>La Diputada Laura Ivonne Pantoja Abascal, Presidenta de la Mesa Directiva, en compa\u00f1\u00eda del Secretario General del Sindicato de los Trabajadores al Servicio del Poder Legislativo (STASPLE), Rogelio Andrade Vargas; de la Secretaria de Trabajo y Conflicto, Edelmira Mendoza Moreno; y del Secretario de Organizaci\u00f3n, Estad\u00edstica y Propaganda, Raymundo Romero Monroy, clausur\u00f3 el Taller de [&hellip;]<\/p>\n","protected":false},"author":2,"featured_media":50122,"comment_status":"open","ping_status":"open","sticky":false,"template":"","format":"standard","meta":{"om_disable_all_campaigns":false,"_monsterinsights_skip_tracking":false,"_monsterinsights_sitenote_active":false,"_monsterinsights_sitenote_note":"","_monsterinsights_sitenote_category":0,"_uf_show_specific_survey":0,"_uf_disable_surveys":false,"_jetpack_memberships_contains_paid_content":false,"footnotes":"","jetpack_publicize_message":"El Poder Legislativo capacita a trabajadores en Lengua de Se\u00f1as Mexicanas","jetpack_publicize_feature_enabled":true,"jetpack_social_post_already_shared":true,"jetpack_social_options":{"image_generator_settings":{"template":"highway","default_image_id":0,"enabled":false},"version":2}},"categories":[15],"tags":[],"class_list":{"0":"post-50121","1":"post","2":"type-post","3":"status-publish","4":"format-standard","5":"has-post-thumbnail","7":"category-michoacan"},"aioseo_notices":[],"jetpack_publicize_connections":[],"jetpack_featured_media_url":"https:\/\/mediagroup.mx\/wp-content\/uploads\/2023\/10\/WhatsApp-Image-2023-10-24-at-6.23.20-PM.jpeg","jetpack_sharing_enabled":true,"_links":{"self":[{"href":"https:\/\/mediagroup.mx\/index.php\/wp-json\/wp\/v2\/posts\/50121","targetHints":{"allow":["GET"]}}],"collection":[{"href":"https:\/\/mediagroup.mx\/index.php\/wp-json\/wp\/v2\/posts"}],"about":[{"href":"https:\/\/mediagroup.mx\/index.php\/wp-json\/wp\/v2\/types\/post"}],"author":[{"embeddable":true,"href":"https:\/\/mediagroup.mx\/index.php\/wp-json\/wp\/v2\/users\/2"}],"replies":[{"embeddable":true,"href":"https:\/\/mediagroup.mx\/index.php\/wp-json\/wp\/v2\/comments?post=50121"}],"version-history":[{"count":1,"href":"https:\/\/mediagroup.mx\/index.php\/wp-json\/wp\/v2\/posts\/50121\/revisions"}],"predecessor-version":[{"id":50123,"href":"https:\/\/mediagroup.mx\/index.php\/wp-json\/wp\/v2\/posts\/50121\/revisions\/50123"}],"wp:featuredmedia":[{"embeddable":true,"href":"https:\/\/mediagroup.mx\/index.php\/wp-json\/wp\/v2\/media\/50122"}],"wp:attachment":[{"href":"https:\/\/mediagroup.mx\/index.php\/wp-json\/wp\/v2\/media?parent=50121"}],"wp:term":[{"taxonomy":"category","embeddable":true,"href":"https:\/\/mediagroup.mx\/index.php\/wp-json\/wp\/v2\/categories?post=50121"},{"taxonomy":"post_tag","embeddable":true,"href":"https:\/\/mediagroup.mx\/index.php\/wp-json\/wp\/v2\/tags?post=50121"}],"curies":[{"name":"wp","href":"https:\/\/api.w.org\/{rel}","templated":true}]}}