{"id":50136,"date":"2023-10-26T00:58:13","date_gmt":"2023-10-26T00:58:13","guid":{"rendered":"https:\/\/mediagroup.mx\/?p=50136"},"modified":"2023-10-26T00:58:13","modified_gmt":"2023-10-26T00:58:13","slug":"con-la-aprobacion-de-centros-de-justicia-ninas-y-ninos-michoacanos-tendran-proteccion-y-atencion-como-nunca-antes-adriana-hernandez","status":"publish","type":"post","link":"https:\/\/mediagroup.mx\/index.php\/2023\/10\/26\/con-la-aprobacion-de-centros-de-justicia-ninas-y-ninos-michoacanos-tendran-proteccion-y-atencion-como-nunca-antes-adriana-hernandez\/","title":{"rendered":"Con la aprobaci\u00f3n de Centros de Justicia, ni\u00f1as y ni\u00f1os michoacanos tendr\u00e1n protecci\u00f3n y atenci\u00f3n como nunca antes: Adriana Hern\u00e1ndez"},"content":{"rendered":"<p style=\"text-align: justify;\">\u201cPor primera vez Michoac\u00e1n contara con un centro que atienda, escuche y defienda a todas y todos los ni\u00f1os y adolescentes de nuestra entidad, sin distingo alguno, sin ning\u00fan tipo de discriminaci\u00f3n, prevaleciendo el inter\u00e9s superior de la ni\u00f1ez por encima de cualquier otro\u201d, manifest\u00f3 la diputada Adriana Hern\u00e1ndez \u00cd\u00f1iguez, durante la votaci\u00f3n del dictamen para la aprobaci\u00f3n de la creaci\u00f3n de los Centros de Atenci\u00f3n y Justicia para Ni\u00f1as, Ni\u00f1os y Adolescentes.<\/p>\n<p style=\"text-align: justify;\">Con 26 votos a favor, cero en contra y cero abstenciones, el Congreso del Estado aprob\u00f3 hoy el mencionado dictamen, el cual seg\u00fan palabras de la legisladora marcar\u00e1 un antes y un despu\u00e9s en la protecci\u00f3n de los derechos de este sector vulnerable de la sociedad, resultado de dos iniciativas presentadas, una por la Comisi\u00f3n de Protecci\u00f3n de la Ni\u00f1ez y la Adolescencia y otra por la presidenta del Sistema DIF estatal, Grisel Tello Pimentel y las y los diputados integrantes de la Comisi\u00f3n de Justicia de esta 75 Legislatura.<\/p>\n<p style=\"text-align: justify;\">Adriana Hern\u00e1ndez, quien preside la Comisi\u00f3n de Protecci\u00f3n de la Ni\u00f1ez y la Adolescencia, coment\u00f3 que si bien se ya se ha legislado por los derechos a la educaci\u00f3n, alimentaci\u00f3n, salud, sano esparcimiento, a una familia, etc., hoy se legisla sin precedente para que exista un \u00f3rgano especializado que proteja esos derechos y que garantice el libre desarrollo de ni\u00f1as, ni\u00f1os y adolescentes, cuyo objeto es poner un alto a las vejaciones, abusos y maltrato.<\/p>\n<p style=\"text-align: justify;\">La creaci\u00f3n del Centro de Justicia garantizar\u00e1 los derechos de ni\u00f1as, ni\u00f1os y adolescentes, a trav\u00e9s del trabajo coordinado del Poder Judicial, Fiscal\u00eda General del Estado y del DIF estatal, atendiendo de manera integral la violencia y el maltrato, de manera preventiva y reactiva para salvaguardar su dignidad e integridad.<\/p>\n<p style=\"text-align: justify;\">\u201cNecesitamos ni\u00f1os, ni\u00f1as y adolescentes no violentados, sanos, libres, que gocen de sus derechos sin menoscabo, que sean escuchados y defendidos ante cualquier acto de violencia hacia ellos\u201d, puntualiz\u00f3 la diputada priista.<\/p>\n<p style=\"text-align: justify;\">Cabe resaltar que se construir\u00e1 el primer Centro en Morelia, y posteriormente se construir\u00e1n centros en los distritos judiciales de la entidad.<\/p>\n","protected":false},"excerpt":{"rendered":"<p>\u201cPor primera vez Michoac\u00e1n contara con un centro que atienda, escuche y defienda a todas y todos los ni\u00f1os y adolescentes de nuestra entidad, sin distingo alguno, sin ning\u00fan tipo de discriminaci\u00f3n, prevaleciendo el inter\u00e9s superior de la ni\u00f1ez por encima de cualquier otro\u201d, manifest\u00f3 la diputada Adriana Hern\u00e1ndez \u00cd\u00f1iguez, durante la votaci\u00f3n del dictamen [&hellip;]<\/p>\n","protected":false},"author":2,"featured_media":50137,"comment_status":"open","ping_status":"open","sticky":false,"template":"","format":"standard","meta":{"om_disable_all_campaigns":false,"_monsterinsights_skip_tracking":false,"_monsterinsights_sitenote_active":false,"_monsterinsights_sitenote_note":"","_monsterinsights_sitenote_category":0,"_uf_show_specific_survey":0,"_uf_disable_surveys":false,"_jetpack_memberships_contains_paid_content":false,"footnotes":"","jetpack_publicize_message":"Con la aprobaci\u00f3n de Centros de Justicia, ni\u00f1as y ni\u00f1os michoacanos tendr\u00e1n protecci\u00f3n y atenci\u00f3n como nunca antes: Adriana Hern\u00e1ndez","jetpack_publicize_feature_enabled":true,"jetpack_social_post_already_shared":true,"jetpack_social_options":{"image_generator_settings":{"template":"highway","default_image_id":0,"enabled":false},"version":2}},"categories":[15],"tags":[],"class_list":{"0":"post-50136","1":"post","2":"type-post","3":"status-publish","4":"format-standard","5":"has-post-thumbnail","7":"category-michoacan"},"aioseo_notices":[],"jetpack_publicize_connections":[],"jetpack_featured_media_url":"https:\/\/mediagroup.mx\/wp-content\/uploads\/2023\/10\/WhatsApp-Image-2023-10-25-at-7.33.36-PM.jpeg","jetpack_sharing_enabled":true,"_links":{"self":[{"href":"https:\/\/mediagroup.mx\/index.php\/wp-json\/wp\/v2\/posts\/50136","targetHints":{"allow":["GET"]}}],"collection":[{"href":"https:\/\/mediagroup.mx\/index.php\/wp-json\/wp\/v2\/posts"}],"about":[{"href":"https:\/\/mediagroup.mx\/index.php\/wp-json\/wp\/v2\/types\/post"}],"author":[{"embeddable":true,"href":"https:\/\/mediagroup.mx\/index.php\/wp-json\/wp\/v2\/users\/2"}],"replies":[{"embeddable":true,"href":"https:\/\/mediagroup.mx\/index.php\/wp-json\/wp\/v2\/comments?post=50136"}],"version-history":[{"count":1,"href":"https:\/\/mediagroup.mx\/index.php\/wp-json\/wp\/v2\/posts\/50136\/revisions"}],"predecessor-version":[{"id":50138,"href":"https:\/\/mediagroup.mx\/index.php\/wp-json\/wp\/v2\/posts\/50136\/revisions\/50138"}],"wp:featuredmedia":[{"embeddable":true,"href":"https:\/\/mediagroup.mx\/index.php\/wp-json\/wp\/v2\/media\/50137"}],"wp:attachment":[{"href":"https:\/\/mediagroup.mx\/index.php\/wp-json\/wp\/v2\/media?parent=50136"}],"wp:term":[{"taxonomy":"category","embeddable":true,"href":"https:\/\/mediagroup.mx\/index.php\/wp-json\/wp\/v2\/categories?post=50136"},{"taxonomy":"post_tag","embeddable":true,"href":"https:\/\/mediagroup.mx\/index.php\/wp-json\/wp\/v2\/tags?post=50136"}],"curies":[{"name":"wp","href":"https:\/\/api.w.org\/{rel}","templated":true}]}}