{"id":50148,"date":"2023-10-26T01:06:38","date_gmt":"2023-10-26T01:06:38","guid":{"rendered":"https:\/\/mediagroup.mx\/?p=50148"},"modified":"2023-10-26T01:06:38","modified_gmt":"2023-10-26T01:06:38","slug":"refrenda-dip-lariza-perez-compromiso-con-los-derechos-de-la-ninez-y-la-justicia-para-las-mujeres","status":"publish","type":"post","link":"https:\/\/mediagroup.mx\/index.php\/2023\/10\/26\/refrenda-dip-lariza-perez-compromiso-con-los-derechos-de-la-ninez-y-la-justicia-para-las-mujeres\/","title":{"rendered":"Refrenda Dip. Lariza P\u00e9rez compromiso con los derechos de la ni\u00f1ez y la justicia para las mujeres"},"content":{"rendered":"<p style=\"text-align: justify;\">Mi compromiso es completo con la poblaci\u00f3n m\u00e1s vulnerable, como son las ni\u00f1as, ni\u00f1os, adolescentes y mujeres, por ello estoy enfocada en garantizar la protecci\u00f3n y garant\u00eda de sus derechos fundamentales como el aprendizaje, as\u00ed como promover la justicia a su favor, expres\u00f3 Lariza P\u00e9rez Campos, Diputada local por el Partido Acci\u00f3n Nacional (PAN) en el Congreso del Estado.<\/p>\n<p style=\"text-align: justify;\">En sesi\u00f3n extraordinaria de este mi\u00e9rcoles, la tambi\u00e9n coordinadora del Grupo Parlamentario del PAN, present\u00f3 dos iniciativas en favor de las ni\u00f1as, ni\u00f1os y adolescentes as\u00ed como de las mujeres, refrendando as\u00ed, su trabajo hacia ellos.<\/p>\n<p style=\"text-align: justify;\">La primera de ellas, fue la iniciativa con proyecto de decreto por el que se adiciona la fracci\u00f3n VX al art\u00edculo 38 de la Ley de los Derechos de las Ni\u00f1as, Ni\u00f1os y Adolescentes del Estado de Michoac\u00e1n que:<\/p>\n<p style=\"text-align: justify;\">\u201cPermitir\u00e1 que las autoridades educativas, establezcan las medidas necesarias para detectar y atender las necesidades de las ni\u00f1as, ni\u00f1os y adolescentes con trastornos espec\u00edficos del aprendizaje, de tal forma que posibilite su desarrollo progresivo e integral conforme a sus capacidades y habilidades personales\u201d, expres\u00f3.<\/p>\n<p style=\"text-align: justify;\">La legisladora local, recalc\u00f3 que es fundamental, estar en condici\u00f3n de poder identificar los diferentes tipos de dificultades a fin de atenderlas, \u201cy, como legisladores debemos considerar y mejorar cuanto antes las condiciones en las cuales el conocimiento de nuestras ni\u00f1as y ni\u00f1os es adquirido\u201d, a\u00f1adi\u00f3.<\/p>\n<p style=\"text-align: justify;\"><strong>Incremento de penas para servidores p\u00fablicos, que obstaculicen la investigaci\u00f3n de un hecho delictuoso cometido contra una mujer<\/strong><\/p>\n<p style=\"text-align: justify;\">En otro momento, en Tribuna, Lariza P\u00e9rez present\u00f3 una iniciativa con proyecto de decreto al C\u00f3digo Penal para el Estado de Michoac\u00e1n, propuesta para incrementar las penas para aquellos servidores p\u00fablicos, encargados de brindar la seguridad y protecci\u00f3n que, en ejercicio de sus atribuciones ejecuten actos deliberados encaminados a desviar u obstaculizar la investigaci\u00f3n de un hecho delictuoso cometido contra una mujer en raz\u00f3n de g\u00e9nero a fin de favorecer en cualquier forma al sujeto activo del hecho.<\/p>\n<p style=\"text-align: justify;\">\u201cCuando los encargados de brindarle seguridad a la gente, emplean su autoridad para mimetizar los delitos, sobre todo tan graves y dolorosos como lo es el feminicidio, las instituciones no podemos quedarnos absortos ante \u00e9stos terribles actos, ni tampoco en el \u00e1mbito de nuestras atribuciones guardar silencio ya que hacerlo, equivaldr\u00eda tanto como actuar, tal como los elementos aludidos, adem\u00e1s de guardar un silencio casi feminicida en contra de todas las mujeres de M\u00e9xico\u201d, sentenci\u00f3.<\/p>\n<p style=\"text-align: justify;\">Y es que la diputada, consider\u00f3 que los delitos cometidos contra las mujeres en raz\u00f3n de su g\u00e9nero, toman mayor impacto cuando, las propias autoridades responsables de la prevenci\u00f3n, as\u00ed como persecuci\u00f3n son las que participan en el encubrimiento o en actos encaminados a que el delito persista impune.<\/p>\n<p style=\"text-align: justify;\">Adem\u00e1s, lament\u00f3 que un factor cr\u00edtico que promueve que los feminicidios contin\u00faen y se incrementen, es la impunidad, \u201cla cual en nuestro pa\u00eds alcanza cifras del 99% seg\u00fan datos de la organizaci\u00f3n impunidad cero; siendo muchos casos mal investigados o bien quedando sin resolver, lo que env\u00eda un mensaje de tolerancia hacia la comisi\u00f3n de toda clase de delitos y desde luego para la violencia de g\u00e9nero, quedando a menudo tanto las v\u00edctimas como sus familias, en el desamparo y a merced de los obst\u00e1culos que enfrentan en su b\u00fasqueda de justicia, lo que perpet\u00faa la sensaci\u00f3n de desamparo\u201d, present\u00f3.<\/p>\n","protected":false},"excerpt":{"rendered":"<p>Mi compromiso es completo con la poblaci\u00f3n m\u00e1s vulnerable, como son las ni\u00f1as, ni\u00f1os, adolescentes y mujeres, por ello estoy enfocada en garantizar la protecci\u00f3n y garant\u00eda de sus derechos fundamentales como el aprendizaje, as\u00ed como promover la justicia a su favor, expres\u00f3 Lariza P\u00e9rez Campos, Diputada local por el Partido Acci\u00f3n Nacional (PAN) en [&hellip;]<\/p>\n","protected":false},"author":2,"featured_media":50149,"comment_status":"open","ping_status":"open","sticky":false,"template":"","format":"standard","meta":{"om_disable_all_campaigns":false,"_monsterinsights_skip_tracking":false,"_monsterinsights_sitenote_active":false,"_monsterinsights_sitenote_note":"","_monsterinsights_sitenote_category":0,"_uf_show_specific_survey":0,"_uf_disable_surveys":false,"_jetpack_memberships_contains_paid_content":false,"footnotes":"","jetpack_publicize_message":"Refrenda Dip. Lariza P\u00e9rez compromiso con los derechos de la ni\u00f1ez y la justicia para las mujeres","jetpack_publicize_feature_enabled":true,"jetpack_social_post_already_shared":true,"jetpack_social_options":{"image_generator_settings":{"template":"highway","default_image_id":0,"enabled":false},"version":2}},"categories":[15],"tags":[],"class_list":{"0":"post-50148","1":"post","2":"type-post","3":"status-publish","4":"format-standard","5":"has-post-thumbnail","7":"category-michoacan"},"aioseo_notices":[],"jetpack_publicize_connections":[],"jetpack_featured_media_url":"https:\/\/mediagroup.mx\/wp-content\/uploads\/2023\/10\/WhatsApp-Image-2023-10-25-at-4.53.27-PM-1.jpeg","jetpack_sharing_enabled":true,"_links":{"self":[{"href":"https:\/\/mediagroup.mx\/index.php\/wp-json\/wp\/v2\/posts\/50148","targetHints":{"allow":["GET"]}}],"collection":[{"href":"https:\/\/mediagroup.mx\/index.php\/wp-json\/wp\/v2\/posts"}],"about":[{"href":"https:\/\/mediagroup.mx\/index.php\/wp-json\/wp\/v2\/types\/post"}],"author":[{"embeddable":true,"href":"https:\/\/mediagroup.mx\/index.php\/wp-json\/wp\/v2\/users\/2"}],"replies":[{"embeddable":true,"href":"https:\/\/mediagroup.mx\/index.php\/wp-json\/wp\/v2\/comments?post=50148"}],"version-history":[{"count":1,"href":"https:\/\/mediagroup.mx\/index.php\/wp-json\/wp\/v2\/posts\/50148\/revisions"}],"predecessor-version":[{"id":50150,"href":"https:\/\/mediagroup.mx\/index.php\/wp-json\/wp\/v2\/posts\/50148\/revisions\/50150"}],"wp:featuredmedia":[{"embeddable":true,"href":"https:\/\/mediagroup.mx\/index.php\/wp-json\/wp\/v2\/media\/50149"}],"wp:attachment":[{"href":"https:\/\/mediagroup.mx\/index.php\/wp-json\/wp\/v2\/media?parent=50148"}],"wp:term":[{"taxonomy":"category","embeddable":true,"href":"https:\/\/mediagroup.mx\/index.php\/wp-json\/wp\/v2\/categories?post=50148"},{"taxonomy":"post_tag","embeddable":true,"href":"https:\/\/mediagroup.mx\/index.php\/wp-json\/wp\/v2\/tags?post=50148"}],"curies":[{"name":"wp","href":"https:\/\/api.w.org\/{rel}","templated":true}]}}