{"id":50160,"date":"2023-10-26T01:10:26","date_gmt":"2023-10-26T01:10:26","guid":{"rendered":"https:\/\/mediagroup.mx\/?p=50160"},"modified":"2023-10-26T01:10:26","modified_gmt":"2023-10-26T01:10:26","slug":"morelia-se-proyecta-como-el-segundo-destino-mas-importante-de-mexico-en-dia-de-muertos-alfonso-martinez","status":"publish","type":"post","link":"https:\/\/mediagroup.mx\/index.php\/2023\/10\/26\/morelia-se-proyecta-como-el-segundo-destino-mas-importante-de-mexico-en-dia-de-muertos-alfonso-martinez\/","title":{"rendered":"Morelia se proyecta como el segundo destino m\u00e1s importante de M\u00e9xico en D\u00eda de Muertos: Alfonso Mart\u00ednez"},"content":{"rendered":"<p style=\"text-align: justify;\">El Gobierno de Morelia dio a conocer este mi\u00e9rcoles en rueda de prensa las actividades que se ofrecer\u00e1n a las y los habitantes de la ciudad, as\u00ed como a visitantes y turistas durante lo que resta de octubre y los primeros d\u00edas de noviembre del 2023.<\/p>\n<p style=\"text-align: justify;\">Alfonso Mart\u00ednez Alc\u00e1zar, presidente municipal, resalt\u00f3 que con el gran trabajo de promoci\u00f3n y difusi\u00f3n tur\u00edstica que se ha hecho durante su administraci\u00f3n, Morelia se perfila hacia el segundo lugar como mejor destino tur\u00edstico y cultural de M\u00e9xico.<\/p>\n<p style=\"text-align: justify;\">En su oportunidad la secretaria de Turismo de Morelia, Thelma Aquique Arrieta, present\u00f3 el programa que se llevar\u00e1 a cabo para la celebraci\u00f3n del D\u00eda de Muertos, el cual incluye m\u00e1s de 300 participantes, 11 Escuelas, un colectivo, un artista urbano y una empresa.<\/p>\n<p>Por: Jes\u00fas Gonz\u00e1lez<\/p>\n","protected":false},"excerpt":{"rendered":"<p>El Gobierno de Morelia dio a conocer este mi\u00e9rcoles en rueda de prensa las actividades que se ofrecer\u00e1n a las y los habitantes de la ciudad, as\u00ed como a visitantes y turistas durante lo que resta de octubre y los primeros d\u00edas de noviembre del 2023. Alfonso Mart\u00ednez Alc\u00e1zar, presidente municipal, resalt\u00f3 que con el [&hellip;]<\/p>\n","protected":false},"author":2,"featured_media":50161,"comment_status":"open","ping_status":"open","sticky":false,"template":"","format":"standard","meta":{"om_disable_all_campaigns":false,"_monsterinsights_skip_tracking":false,"_monsterinsights_sitenote_active":false,"_monsterinsights_sitenote_note":"","_monsterinsights_sitenote_category":0,"_uf_show_specific_survey":0,"_uf_disable_surveys":false,"_jetpack_memberships_contains_paid_content":false,"footnotes":"","jetpack_publicize_message":"Morelia se proyecta como el segundo destino m\u00e1s importante de M\u00e9xico en D\u00eda de Muertos: Alfonso Mart\u00ednez","jetpack_publicize_feature_enabled":true,"jetpack_social_post_already_shared":true,"jetpack_social_options":{"image_generator_settings":{"template":"highway","default_image_id":0,"enabled":false},"version":2}},"categories":[17],"tags":[],"class_list":{"0":"post-50160","1":"post","2":"type-post","3":"status-publish","4":"format-standard","5":"has-post-thumbnail","7":"category-morelia"},"aioseo_notices":[],"jetpack_publicize_connections":[],"jetpack_featured_media_url":"https:\/\/mediagroup.mx\/wp-content\/uploads\/2023\/10\/WhatsApp-Image-2023-10-25-at-4.43.06-PM.jpeg","jetpack_sharing_enabled":true,"_links":{"self":[{"href":"https:\/\/mediagroup.mx\/index.php\/wp-json\/wp\/v2\/posts\/50160","targetHints":{"allow":["GET"]}}],"collection":[{"href":"https:\/\/mediagroup.mx\/index.php\/wp-json\/wp\/v2\/posts"}],"about":[{"href":"https:\/\/mediagroup.mx\/index.php\/wp-json\/wp\/v2\/types\/post"}],"author":[{"embeddable":true,"href":"https:\/\/mediagroup.mx\/index.php\/wp-json\/wp\/v2\/users\/2"}],"replies":[{"embeddable":true,"href":"https:\/\/mediagroup.mx\/index.php\/wp-json\/wp\/v2\/comments?post=50160"}],"version-history":[{"count":1,"href":"https:\/\/mediagroup.mx\/index.php\/wp-json\/wp\/v2\/posts\/50160\/revisions"}],"predecessor-version":[{"id":50162,"href":"https:\/\/mediagroup.mx\/index.php\/wp-json\/wp\/v2\/posts\/50160\/revisions\/50162"}],"wp:featuredmedia":[{"embeddable":true,"href":"https:\/\/mediagroup.mx\/index.php\/wp-json\/wp\/v2\/media\/50161"}],"wp:attachment":[{"href":"https:\/\/mediagroup.mx\/index.php\/wp-json\/wp\/v2\/media?parent=50160"}],"wp:term":[{"taxonomy":"category","embeddable":true,"href":"https:\/\/mediagroup.mx\/index.php\/wp-json\/wp\/v2\/categories?post=50160"},{"taxonomy":"post_tag","embeddable":true,"href":"https:\/\/mediagroup.mx\/index.php\/wp-json\/wp\/v2\/tags?post=50160"}],"curies":[{"name":"wp","href":"https:\/\/api.w.org\/{rel}","templated":true}]}}