{"id":50172,"date":"2023-10-26T01:22:05","date_gmt":"2023-10-26T01:22:05","guid":{"rendered":"https:\/\/mediagroup.mx\/?p=50172"},"modified":"2023-10-26T01:22:05","modified_gmt":"2023-10-26T01:22:05","slug":"fotos-antes-y-despues-del-impacto-del-huracan-otis-en-acapulco","status":"publish","type":"post","link":"https:\/\/mediagroup.mx\/index.php\/2023\/10\/26\/fotos-antes-y-despues-del-impacto-del-huracan-otis-en-acapulco\/","title":{"rendered":"Fotos: antes y despu\u00e9s del impacto del hurac\u00e1n Otis en Acapulco"},"content":{"rendered":"<p style=\"text-align: justify;\"><strong>El hurac\u00e1n Otis<\/strong>\u00a0azot\u00f3 el puerto de\u00a0<strong>Acapulco<\/strong>,\u00a0<a href=\"https:\/\/www.unotv.com\/estados\/\" target=\"_blank\" rel=\"noreferrer noopener\">en el estado de<\/a>\u00a0<strong>Guerrero<\/strong>, como categor\u00eda 5 durante la madrugada de este mi\u00e9rcoles, con vientos m\u00e1ximos sostenidos de 260 km\/h y desplazamiento al nor-noroeste a 15 km\/h.<\/p>\n<p style=\"text-align: justify;\">Al momento, y luego de que el meteoro descendiera a categor\u00eda 1, la\u00a0<strong>Coordinaci\u00f3n Nacional de Protecci\u00f3n Civil\u00a0<\/strong>(CNPC) indic\u00f3 que se mantiene a 100 kil\u00f3metros al noroeste de\u00a0<strong>Acapulco<\/strong>, con una velocidad de 17 kil\u00f3metros por hora, as\u00ed como vientos sostenidos de hasta 175 km\/h.<\/p>\n<div class=\"code-block code-block-1 amp-wp-b6a507d\" style=\"text-align: justify;\" data-amp-original-style=\"margin: 8px auto; text-align: center; display: block; clear: both;\">Mientras las autoridades atienden los estragos que ha dejado a su paso, en redes sociales,\u00a0<strong>turistas y habitantes han compartido fotos y videos de los da\u00f1os.<\/strong><\/div>\n<div style=\"text-align: justify;\" data-amp-original-style=\"margin: 8px auto; text-align: center; display: block; clear: both;\"><\/div>\n<div data-amp-original-style=\"margin: 8px auto; text-align: center; display: block; clear: both;\">\n<p style=\"text-align: justify;\">Algunas de estas im\u00e1genes han comenzado a viralizarse, debido a que, en ellas,\u00a0<strong>los internautas comparan c\u00f3mo se encontraban estos lugares antes y su estado actual, luego del hurac\u00e1n.<\/strong><\/p>\n<h2 id=\"h-huracan-otis-imagenes-del-antes-y-despues-de-su-paso-en-acapulco-guerrero\" class=\"wp-block-heading\" style=\"text-align: justify;\">Hurac\u00e1n Otis: im\u00e1genes del antes y despu\u00e9s de su paso en Acapulco, Guerrero<\/h2>\n<p style=\"text-align: justify;\">La imagen que m\u00e1s se ha viralizado es la de la plaza comercial\u00a0<strong>Galer\u00edas Diana<\/strong>, ubicada sobre la avenida Costera Miguel Alem\u00e1n, 1926, en el Fraccionamiento Magallanes.<\/p>\n<figure class=\"wp-block-embed aligncenter is-type-rich is-provider-twitter wp-block-embed-twitter\" style=\"text-align: justify;\">\n<div class=\"wp-block-embed__wrapper\"><img loading=\"lazy\" decoding=\"async\" class=\"alignnone size-medium wp-image-50173\" src=\"https:\/\/mediagroup.mx\/wp-content\/uploads\/2023\/10\/F9Rjqn2XIAAtVHl-300x300.jpeg\" alt=\"\" width=\"300\" height=\"300\" srcset=\"https:\/\/mediagroup.mx\/wp-content\/uploads\/2023\/10\/F9Rjqn2XIAAtVHl-300x300.jpeg 300w, https:\/\/mediagroup.mx\/wp-content\/uploads\/2023\/10\/F9Rjqn2XIAAtVHl-1024x1024.jpeg 1024w, https:\/\/mediagroup.mx\/wp-content\/uploads\/2023\/10\/F9Rjqn2XIAAtVHl-150x150.jpeg 150w, https:\/\/mediagroup.mx\/wp-content\/uploads\/2023\/10\/F9Rjqn2XIAAtVHl-768x768.jpeg 768w, https:\/\/mediagroup.mx\/wp-content\/uploads\/2023\/10\/F9Rjqn2XIAAtVHl-1536x1536.jpeg 1536w, https:\/\/mediagroup.mx\/wp-content\/uploads\/2023\/10\/F9Rjqn2XIAAtVHl-696x696.jpeg 696w, https:\/\/mediagroup.mx\/wp-content\/uploads\/2023\/10\/F9Rjqn2XIAAtVHl-1068x1068.jpeg 1068w, https:\/\/mediagroup.mx\/wp-content\/uploads\/2023\/10\/F9Rjqn2XIAAtVHl-1920x1920.jpeg 1920w, https:\/\/mediagroup.mx\/wp-content\/uploads\/2023\/10\/F9Rjqn2XIAAtVHl.jpeg 2048w\" sizes=\"auto, (max-width: 300px) 100vw, 300px\" \/><\/div>\n<\/figure>\n<p style=\"text-align: justify;\">En otra publicaci\u00f3n, la de @NDiabloTDatos,\u00a0<strong>tambi\u00e9n sobre la Costera Miguel Alem\u00e1n<\/strong>, comparte una perspectiva frente al hotel Holiday Inn, donde esta ma\u00f1ana, el camell\u00f3n luc\u00eda lleno de escombros.<\/p>\n<p style=\"text-align: justify;\">En otra publicaci\u00f3n, la de @NDiabloTDatos,\u00a0<strong>tambi\u00e9n sobre la Costera Miguel Alem\u00e1n<\/strong>, comparte una perspectiva frente al hotel Holiday Inn, donde esta ma\u00f1ana, el camell\u00f3n luc\u00eda lleno de escombros.<\/p>\n<p style=\"text-align: justify;\"><img loading=\"lazy\" decoding=\"async\" class=\"alignnone size-medium wp-image-50174\" src=\"https:\/\/mediagroup.mx\/wp-content\/uploads\/2023\/10\/Captura-de-pantalla-2023-10-25-a-las-19.18.47-300x174.png\" alt=\"\" width=\"300\" height=\"174\" srcset=\"https:\/\/mediagroup.mx\/wp-content\/uploads\/2023\/10\/Captura-de-pantalla-2023-10-25-a-las-19.18.47-300x174.png 300w, https:\/\/mediagroup.mx\/wp-content\/uploads\/2023\/10\/Captura-de-pantalla-2023-10-25-a-las-19.18.47-150x87.png 150w, https:\/\/mediagroup.mx\/wp-content\/uploads\/2023\/10\/Captura-de-pantalla-2023-10-25-a-las-19.18.47.png 573w\" sizes=\"auto, (max-width: 300px) 100vw, 300px\" \/><\/p>\n<p style=\"text-align: justify;\">Mientras se desarrolla el d\u00eda, m\u00e1s im\u00e1genes de<strong>\u00a0la devastaci\u00f3n de la Costera Miguel Alem\u00e1n<\/strong>, una de las avenidas m\u00e1s importantes del puerto,\u00a0<strong>muestran la destrucci\u00f3n de Otis<\/strong>, como las compartidas por @gaceta_guerrero.<\/p>\n<p style=\"text-align: justify;\"><img loading=\"lazy\" decoding=\"async\" class=\"alignnone size-medium wp-image-50175\" src=\"https:\/\/mediagroup.mx\/wp-content\/uploads\/2023\/10\/Captura-de-pantalla-2023-10-25-a-las-19.19.45-300x171.png\" alt=\"\" width=\"300\" height=\"171\" srcset=\"https:\/\/mediagroup.mx\/wp-content\/uploads\/2023\/10\/Captura-de-pantalla-2023-10-25-a-las-19.19.45-300x171.png 300w, https:\/\/mediagroup.mx\/wp-content\/uploads\/2023\/10\/Captura-de-pantalla-2023-10-25-a-las-19.19.45-150x86.png 150w, https:\/\/mediagroup.mx\/wp-content\/uploads\/2023\/10\/Captura-de-pantalla-2023-10-25-a-las-19.19.45.png 524w\" sizes=\"auto, (max-width: 300px) 100vw, 300px\" \/><\/p>\n<p style=\"text-align: justify;\">Cabe mencionar que,<strong>\u00a0<a href=\"https:\/\/www.unotv.com\/estados\/guerrero\/huracan-otis-cfe-restablece-suministro-electrico-a-40-de-afectados-en-guerrero\/\" target=\"_blank\" rel=\"noreferrer noopener\">el paso del hurac\u00e1n dej\u00f3 sin luz a 504 mil 340 usuarios en Guerrero<\/a><\/strong>, revel\u00f3 la Comisi\u00f3n Federal de Electricidad (CFE), esta ma\u00f1ana.<\/p>\n<p style=\"text-align: justify;\">En redes sociales tambi\u00e9n<a href=\"https:\/\/twitter.com\/CycloforumsPR\/status\/1717068049042321462?ref_src=twsrc%5Etfw%7Ctwcamp%5Etweetembed%7Ctwterm%5E1717068049042321462%7Ctwgr%5E787563e9e7520d49f89e77ca87dbe691204ee87f%7Ctwcon%5Es1_&amp;ref_url=https%3A%2F%2Fd-31740444143253608032.ampproject.net%2F2310111731000%2Fframe.html\"> circula un video, como el de @CycloforumsPR,<\/a> en el que se aprecia al puerto de Acapulco, totalmente iluminado, alrededor de las 20:00 horas de este martes y despu\u00e9s,\u00a0<strong>minutos antes de la medianoche, antes de que el hurac\u00e1n Otis impactara de lleno<\/strong>, s<a href=\"https:\/\/twitter.com\/CycloforumsPR\/status\/1717068049042321462?ref_src=twsrc%5Etfw%7Ctwcamp%5Etweetembed%7Ctwterm%5E1717068049042321462%7Ctwgr%5E787563e9e7520d49f89e77ca87dbe691204ee87f%7Ctwcon%5Es1_&amp;ref_url=https%3A%2F%2Fd-31740444143253608032.ampproject.net%2F2310111731000%2Fframe.html\">e ve completamente oscuro.<\/a><\/p>\n<p style=\"text-align: justify;\">Con informaci\u00f3n de: UnoTV<\/p>\n<\/div>\n","protected":false},"excerpt":{"rendered":"<p>El hurac\u00e1n Otis\u00a0azot\u00f3 el puerto de\u00a0Acapulco,\u00a0en el estado de\u00a0Guerrero, como categor\u00eda 5 durante la madrugada de este mi\u00e9rcoles, con vientos m\u00e1ximos sostenidos de 260 km\/h y desplazamiento al nor-noroeste a 15 km\/h. Al momento, y luego de que el meteoro descendiera a categor\u00eda 1, la\u00a0Coordinaci\u00f3n Nacional de Protecci\u00f3n Civil\u00a0(CNPC) indic\u00f3 que se mantiene a 100 [&hellip;]<\/p>\n","protected":false},"author":2,"featured_media":50176,"comment_status":"open","ping_status":"open","sticky":false,"template":"","format":"standard","meta":{"om_disable_all_campaigns":false,"_monsterinsights_skip_tracking":false,"_monsterinsights_sitenote_active":false,"_monsterinsights_sitenote_note":"","_monsterinsights_sitenote_category":0,"_uf_show_specific_survey":0,"_uf_disable_surveys":false,"_jetpack_memberships_contains_paid_content":false,"footnotes":"","jetpack_publicize_message":"Fotos: antes y despu\u00e9s del impacto del hurac\u00e1n Otis en Acapulco","jetpack_publicize_feature_enabled":true,"jetpack_social_post_already_shared":true,"jetpack_social_options":{"image_generator_settings":{"template":"highway","default_image_id":0,"enabled":false},"version":2}},"categories":[16],"tags":[],"class_list":{"0":"post-50172","1":"post","2":"type-post","3":"status-publish","4":"format-standard","5":"has-post-thumbnail","7":"category-viral"},"aioseo_notices":[],"jetpack_publicize_connections":[],"jetpack_featured_media_url":"https:\/\/mediagroup.mx\/wp-content\/uploads\/2023\/10\/Captura-de-pantalla-2023-10-25-a-las-19.16.23.png","jetpack_sharing_enabled":true,"_links":{"self":[{"href":"https:\/\/mediagroup.mx\/index.php\/wp-json\/wp\/v2\/posts\/50172","targetHints":{"allow":["GET"]}}],"collection":[{"href":"https:\/\/mediagroup.mx\/index.php\/wp-json\/wp\/v2\/posts"}],"about":[{"href":"https:\/\/mediagroup.mx\/index.php\/wp-json\/wp\/v2\/types\/post"}],"author":[{"embeddable":true,"href":"https:\/\/mediagroup.mx\/index.php\/wp-json\/wp\/v2\/users\/2"}],"replies":[{"embeddable":true,"href":"https:\/\/mediagroup.mx\/index.php\/wp-json\/wp\/v2\/comments?post=50172"}],"version-history":[{"count":1,"href":"https:\/\/mediagroup.mx\/index.php\/wp-json\/wp\/v2\/posts\/50172\/revisions"}],"predecessor-version":[{"id":50177,"href":"https:\/\/mediagroup.mx\/index.php\/wp-json\/wp\/v2\/posts\/50172\/revisions\/50177"}],"wp:featuredmedia":[{"embeddable":true,"href":"https:\/\/mediagroup.mx\/index.php\/wp-json\/wp\/v2\/media\/50176"}],"wp:attachment":[{"href":"https:\/\/mediagroup.mx\/index.php\/wp-json\/wp\/v2\/media?parent=50172"}],"wp:term":[{"taxonomy":"category","embeddable":true,"href":"https:\/\/mediagroup.mx\/index.php\/wp-json\/wp\/v2\/categories?post=50172"},{"taxonomy":"post_tag","embeddable":true,"href":"https:\/\/mediagroup.mx\/index.php\/wp-json\/wp\/v2\/tags?post=50172"}],"curies":[{"name":"wp","href":"https:\/\/api.w.org\/{rel}","templated":true}]}}